{"id":59322,"date":"2022-07-06T09:49:16","date_gmt":"2022-07-06T12:49:16","guid":{"rendered":"https:\/\/www.centraldenoticias.com.ar\/?p=59322"},"modified":"2022-07-06T09:49:16","modified_gmt":"2022-07-06T12:49:16","slug":"maria-esther-funes-carnez-viuda-de-strizioli-q-e-p-d","status":"publish","type":"post","link":"https:\/\/cdnoticias.com\/index.php\/2022\/07\/06\/maria-esther-funes-carnez-viuda-de-strizioli-q-e-p-d\/","title":{"rendered":"Mar\u00eda Esther Funes Carnez viuda de Strizioli (Q.E.P.D.)"},"content":{"rendered":"<p>Falleci\u00f3 en Olavarr\u00eda el 5 de julio de 2022 a los 92 a\u00f1os de edad. Sus hijas Olga Ester Strizioli viuda de Toledo, Hayde\u00e9 Strizioli, M\u00f3nica Strizioli y Silvia Strizioli viuda de Hoxmark; sus nietos Sandra y Paola Toledo, Christian y Ver\u00f3nica Scaravilli, Nicol\u00e1s P\u00e9rez, D\u00e9bora y Emilio Silva, Carla y Carolina Ruppel y Ayrton Wagner; su hijo pol\u00edtico Carlos Gottau; su fiel servidora Cristina Lencina; sus bisnietos y dem\u00e1s deudos participan su fallecimiento.<\/p>\n<p>&nbsp;<\/p>\n<p>Sus restos no fueron velados y fueron inhumados en el cementerio Loma de Paz. Vecina de barrio Santa Isabel. Jubilada y Pensionada.<\/p>\n","protected":false},"excerpt":{"rendered":"<p>Falleci\u00f3 en Olavarr\u00eda el 5 de julio de 2022 a los 92 a\u00f1os de edad. Sus hijas Olga Ester Strizioli<\/p>\n","protected":false},"author":5,"featured_media":51544,"comment_status":"closed","ping_status":"closed","sticky":false,"template":"","format":"standard","meta":{"_jetpack_memberships_contains_paid_content":false,"footnotes":""},"categories":[10],"tags":[],"class_list":["post-59322","post","type-post","status-publish","format-standard","has-post-thumbnail","hentry","category-necrologicas"],"jetpack_featured_media_url":"https:\/\/i0.wp.com\/cdnoticias.com\/wp-content\/uploads\/2022\/04\/necrologicas-390-x-240.jpg?fit=390%2C240&ssl=1","jetpack_sharing_enabled":true,"_links":{"self":[{"href":"https:\/\/cdnoticias.com\/index.php\/wp-json\/wp\/v2\/posts\/59322","targetHints":{"allow":["GET"]}}],"collection":[{"href":"https:\/\/cdnoticias.com\/index.php\/wp-json\/wp\/v2\/posts"}],"about":[{"href":"https:\/\/cdnoticias.com\/index.php\/wp-json\/wp\/v2\/types\/post"}],"author":[{"embeddable":true,"href":"https:\/\/cdnoticias.com\/index.php\/wp-json\/wp\/v2\/users\/5"}],"replies":[{"embeddable":true,"href":"https:\/\/cdnoticias.com\/index.php\/wp-json\/wp\/v2\/comments?post=59322"}],"version-history":[{"count":0,"href":"https:\/\/cdnoticias.com\/index.php\/wp-json\/wp\/v2\/posts\/59322\/revisions"}],"wp:featuredmedia":[{"embeddable":true,"href":"https:\/\/cdnoticias.com\/index.php\/wp-json\/wp\/v2\/media\/51544"}],"wp:attachment":[{"href":"https:\/\/cdnoticias.com\/index.php\/wp-json\/wp\/v2\/media?parent=59322"}],"wp:term":[{"taxonomy":"category","embeddable":true,"href":"https:\/\/cdnoticias.com\/index.php\/wp-json\/wp\/v2\/categories?post=59322"},{"taxonomy":"post_tag","embeddable":true,"href":"https:\/\/cdnoticias.com\/index.php\/wp-json\/wp\/v2\/tags?post=59322"}],"curies":[{"name":"wp","href":"https:\/\/api.w.org\/{rel}","templated":true}]}}