{"id":59316,"date":"2022-07-06T09:39:00","date_gmt":"2022-07-06T12:39:00","guid":{"rendered":"https:\/\/www.centraldenoticias.com.ar\/?p=59316"},"modified":"2022-07-06T09:39:00","modified_gmt":"2022-07-06T12:39:00","slug":"cuidados-paliativos-que-dice-la-nueva-ley-para-pacientes-y-familiares","status":"publish","type":"post","link":"https:\/\/cdnoticias.com\/index.php\/2022\/07\/06\/cuidados-paliativos-que-dice-la-nueva-ley-para-pacientes-y-familiares\/","title":{"rendered":"Cuidados paliativos: qu\u00e9 dice la nueva ley para pacientes y familiares"},"content":{"rendered":"<p>La C\u00e1mara de Diputados convirti\u00f3 en ley el proyecto que asegura las prestaciones integrales en los \u00e1mbitos p\u00fablico, privado y de la seguridad social.<!--more--><\/p>\n<hr \/>\n<p>En la madrugada de este mi\u00e9rcoles, la C\u00e1mara de Diputados convirti\u00f3 en ley el proyecto que asegura el acceso de los pacientes a las <strong>prestaciones integrales sobre cuidados paliativos en los \u00e1mbitos p\u00fablico, privado y de la seguridad social, y el acompa\u00f1amiento a sus familias.<\/strong><\/p>\n<p>&nbsp;<\/p>\n<p>Durante el debate, la presidenta de la comisi\u00f3n de Salud, M\u00f3nica Fein (Socialista Interbloque Federal), se\u00f1al\u00f3 que \u201cun cuidado paliativo tomado eficazmente en etapa temprana <strong>evita hospitalizaciones innecesarias y el uso de servicios de salud<\/strong>\u201d.<\/p>\n<p>&nbsp;<\/p>\n<blockquote><p>\u201cLos cuidados paliativos no son un privilegio, deben ser considerados un derecho de toda la ciudadan\u00eda. Es responsabilidad del Estado avanzar en la promoci\u00f3n de este derecho\u201d, expres\u00f3.<\/p><\/blockquote>\n<p>&nbsp;<\/p>\n<p>La iniciativa sobre cuidados paliativos busca desarrollar una estrategia de <strong>atenci\u00f3n interdisciplinaria centrada en la persona,<\/strong> que atienda las necesidades f\u00edsicas, ps\u00edquicas, sociales y espirituales de los pacientes que padecen enfermedades amenazantes y\/o limitantes para la vida.<\/p>\n<p>&nbsp;<\/p>\n<p>Tambi\u00e9n, a trav\u00e9s de esta iniciativa, se propone promover el <strong>acceso a las terapias tanto farmacol\u00f3gicas como no farmacol\u00f3gicas<\/strong> disponibles y basadas en la evidencia cient\u00edfica para la atenci\u00f3n paliativa; y <strong>promover la formaci\u00f3n profesional de grado y posgrado, la educaci\u00f3n continua y la investigaci\u00f3n en cuidados paliativos.<\/strong><\/p>\n<p>&nbsp;<\/p>\n<p>El texto del proyecto aprobado por el Senado en octubre de 2020 define a los cuidados paliativos como \u201cun modelo de atenci\u00f3n que <strong>mejora la calidad de vida de pacientes y familias<\/strong> que se enfrentan a los problemas asociados con enfermedades que amenazan o limitan la vida\u201d.<\/p>\n<p>&nbsp;<\/p>\n<p>Este tratamiento se hace \u201ca trav\u00e9s de la <strong>prevenci\u00f3n y alivio del sufrimiento<\/strong> por medio de la identificaci\u00f3n temprana, evaluaci\u00f3n y tratamiento del dolor y otros problemas f\u00edsicos, psicol\u00f3gicos, sociales y espirituales\u201d.<\/p>\n<p>&nbsp;<\/p>\n<p>Fuente: DIB<\/p>\n","protected":false},"excerpt":{"rendered":"<p>La C\u00e1mara de Diputados convirti\u00f3 en ley el proyecto que asegura las prestaciones integrales en los \u00e1mbitos p\u00fablico, privado y<\/p>\n","protected":false},"author":5,"featured_media":59317,"comment_status":"closed","ping_status":"closed","sticky":false,"template":"","format":"standard","meta":{"_jetpack_memberships_contains_paid_content":false,"footnotes":""},"categories":[6,1],"tags":[],"class_list":["post-59316","post","type-post","status-publish","format-standard","has-post-thumbnail","hentry","category-nacionales","category-portada"],"jetpack_featured_media_url":"https:\/\/i0.wp.com\/cdnoticias.com\/wp-content\/uploads\/2022\/07\/Cuidados-paliativos-DIB696x392.jpg?fit=696%2C392&ssl=1","jetpack_sharing_enabled":true,"_links":{"self":[{"href":"https:\/\/cdnoticias.com\/index.php\/wp-json\/wp\/v2\/posts\/59316","targetHints":{"allow":["GET"]}}],"collection":[{"href":"https:\/\/cdnoticias.com\/index.php\/wp-json\/wp\/v2\/posts"}],"about":[{"href":"https:\/\/cdnoticias.com\/index.php\/wp-json\/wp\/v2\/types\/post"}],"author":[{"embeddable":true,"href":"https:\/\/cdnoticias.com\/index.php\/wp-json\/wp\/v2\/users\/5"}],"replies":[{"embeddable":true,"href":"https:\/\/cdnoticias.com\/index.php\/wp-json\/wp\/v2\/comments?post=59316"}],"version-history":[{"count":0,"href":"https:\/\/cdnoticias.com\/index.php\/wp-json\/wp\/v2\/posts\/59316\/revisions"}],"wp:featuredmedia":[{"embeddable":true,"href":"https:\/\/cdnoticias.com\/index.php\/wp-json\/wp\/v2\/media\/59317"}],"wp:attachment":[{"href":"https:\/\/cdnoticias.com\/index.php\/wp-json\/wp\/v2\/media?parent=59316"}],"wp:term":[{"taxonomy":"category","embeddable":true,"href":"https:\/\/cdnoticias.com\/index.php\/wp-json\/wp\/v2\/categories?post=59316"},{"taxonomy":"post_tag","embeddable":true,"href":"https:\/\/cdnoticias.com\/index.php\/wp-json\/wp\/v2\/tags?post=59316"}],"curies":[{"name":"wp","href":"https:\/\/api.w.org\/{rel}","templated":true}]}}