{"id":59312,"date":"2022-07-06T08:45:54","date_gmt":"2022-07-06T11:45:54","guid":{"rendered":"https:\/\/www.centraldenoticias.com.ar\/?p=59312"},"modified":"2022-07-06T17:03:35","modified_gmt":"2022-07-06T20:03:35","slug":"desde-la-comisaria-segunda-buscan-a-un-adolescente-de-14-anos","status":"publish","type":"post","link":"https:\/\/cdnoticias.com\/index.php\/2022\/07\/06\/desde-la-comisaria-segunda-buscan-a-un-adolescente-de-14-anos\/","title":{"rendered":"Desde la comisar\u00eda Segunda buscan a un adolescente de 14 a\u00f1os"},"content":{"rendered":"<p>Se denunci\u00f3 su desaparici\u00f3n desde este martes. Se trata de Agust\u00edn Ezequiel Herrera, de 14 a\u00f1os.<!--more--><\/p>\n<hr \/>\n<p>Desde la <strong>comisar\u00eda Segunda<\/strong> de Olavarr\u00eda se emiti\u00f3 un comunicado para que solicitar informaci\u00f3n a fin de <strong>dar con un adolescente de 14 a\u00f1os, Agust\u00edn Ezequiel Herrera.<\/strong><\/p>\n<p>&nbsp;<\/p>\n<p>Se detall\u00f3 que la familia del joven denunci\u00f3 que <strong>se ausent\u00f3 este martes del su domicilio<\/strong>.<\/p>\n<p>&nbsp;<\/p>\n<p><img data-recalc-dims=\"1\" loading=\"lazy\" decoding=\"async\" class=\"size-full wp-image-59314 aligncenter\" src=\"https:\/\/i0.wp.com\/cdnoticias.com\/wp-content\/uploads\/2022\/07\/agustin-ezequiel-herrera-paradero-01.jpg?resize=437%2C608&#038;ssl=1\" alt=\"\" width=\"437\" height=\"608\" \/><\/p>\n<p>&nbsp;<\/p>\n<blockquote><p>Es de contextura f\u00edsica delgada, de 1,70 metro de altura, cabello corto oscuro. Al momento de retirarse vest\u00eda campera de nylon de color negro, pantal\u00f3n de jogging negro y zapatillas de color gris.<\/p><\/blockquote>\n<p>&nbsp;<\/p>\n<p>Se solicit\u00f3 a la comunidad que cualquier informaci\u00f3n que puedan brindar <strong>se acerque a la mayor brevedad a las dependencias policiales de Olavarr\u00eda<\/strong>. La comisar\u00eda Segunda se ubica en San Mart\u00edn 3846 y la Sub DDI Olavarria, en Rivadavia 1338. Los tel\u00e9fonos son: \u00a0Comisaria Segunda 422055 y Sub DDI 431065, o al 911.-<\/p>\n","protected":false},"excerpt":{"rendered":"<p>Se denunci\u00f3 su desaparici\u00f3n desde este martes. Se trata de Agust\u00edn Ezequiel Herrera, de 14 a\u00f1os.<\/p>\n","protected":false},"author":4,"featured_media":59313,"comment_status":"closed","ping_status":"closed","sticky":false,"template":"","format":"standard","meta":{"_jetpack_memberships_contains_paid_content":false,"footnotes":""},"categories":[1],"tags":[],"class_list":["post-59312","post","type-post","status-publish","format-standard","has-post-thumbnail","hentry","category-portada"],"jetpack_featured_media_url":"https:\/\/i0.wp.com\/cdnoticias.com\/wp-content\/uploads\/2022\/07\/agustin-ezequiel-herrera-paradero-00.jpg?fit=800%2C445&ssl=1","jetpack_sharing_enabled":true,"_links":{"self":[{"href":"https:\/\/cdnoticias.com\/index.php\/wp-json\/wp\/v2\/posts\/59312","targetHints":{"allow":["GET"]}}],"collection":[{"href":"https:\/\/cdnoticias.com\/index.php\/wp-json\/wp\/v2\/posts"}],"about":[{"href":"https:\/\/cdnoticias.com\/index.php\/wp-json\/wp\/v2\/types\/post"}],"author":[{"embeddable":true,"href":"https:\/\/cdnoticias.com\/index.php\/wp-json\/wp\/v2\/users\/4"}],"replies":[{"embeddable":true,"href":"https:\/\/cdnoticias.com\/index.php\/wp-json\/wp\/v2\/comments?post=59312"}],"version-history":[{"count":0,"href":"https:\/\/cdnoticias.com\/index.php\/wp-json\/wp\/v2\/posts\/59312\/revisions"}],"wp:featuredmedia":[{"embeddable":true,"href":"https:\/\/cdnoticias.com\/index.php\/wp-json\/wp\/v2\/media\/59313"}],"wp:attachment":[{"href":"https:\/\/cdnoticias.com\/index.php\/wp-json\/wp\/v2\/media?parent=59312"}],"wp:term":[{"taxonomy":"category","embeddable":true,"href":"https:\/\/cdnoticias.com\/index.php\/wp-json\/wp\/v2\/categories?post=59312"},{"taxonomy":"post_tag","embeddable":true,"href":"https:\/\/cdnoticias.com\/index.php\/wp-json\/wp\/v2\/tags?post=59312"}],"curies":[{"name":"wp","href":"https:\/\/api.w.org\/{rel}","templated":true}]}}