{"id":59280,"date":"2022-07-05T18:27:43","date_gmt":"2022-07-05T21:27:43","guid":{"rendered":"https:\/\/www.centraldenoticias.com.ar\/?p=59280"},"modified":"2022-07-05T18:27:43","modified_gmt":"2022-07-05T21:27:43","slug":"fue-repintado-el-monumento-de-la-plaza-manuel-belgrano","status":"publish","type":"post","link":"https:\/\/cdnoticias.com\/index.php\/2022\/07\/05\/fue-repintado-el-monumento-de-la-plaza-manuel-belgrano\/","title":{"rendered":"Fue repintado el monumento de la plaza Manuel Belgrano"},"content":{"rendered":"<p>Hab\u00eda sido vandalizado la semana pasada. <!--more--><\/p>\n<hr \/>\n<p>&nbsp;<\/p>\n<p>En la jornada del \u00faltimo lunes<strong> integrantes del equipo de Espacios Verdes<\/strong> de la Municipalidad de Olavarr\u00eda realizaron<strong> labores de pintura y mantenimiento en la plaza Manuel Belgrano<\/strong>, que hab\u00eda sido <strong>vandalizada<\/strong> la semana pasada.<\/p>\n<p>&nbsp;<\/p>\n<p>Las tareas se realizaron principalmente en torno al monumento y bancos del espacio ubicado en el barrio San Vicente.<\/p>\n<p>&nbsp;<\/p>\n<p>Adem\u00e1s, labores de similar \u00edndole fueron realizadas d\u00edas atr\u00e1s en la<strong> plaza del barrio Carlos Pellegrini, que tambi\u00e9n hab\u00eda sido vandalizada.<\/strong><\/p>\n","protected":false},"excerpt":{"rendered":"<p>Hab\u00eda sido vandalizado la semana pasada.<\/p>\n","protected":false},"author":6,"featured_media":59281,"comment_status":"closed","ping_status":"closed","sticky":false,"template":"","format":"standard","meta":{"_jetpack_memberships_contains_paid_content":false,"footnotes":""},"categories":[5],"tags":[],"class_list":["post-59280","post","type-post","status-publish","format-standard","has-post-thumbnail","hentry","category-informacion-general"],"jetpack_featured_media_url":"https:\/\/i0.wp.com\/cdnoticias.com\/wp-content\/uploads\/2022\/07\/Obras-Monumento-Belgrano-1-1024x682-1.jpg?fit=1024%2C682&ssl=1","jetpack_sharing_enabled":true,"_links":{"self":[{"href":"https:\/\/cdnoticias.com\/index.php\/wp-json\/wp\/v2\/posts\/59280","targetHints":{"allow":["GET"]}}],"collection":[{"href":"https:\/\/cdnoticias.com\/index.php\/wp-json\/wp\/v2\/posts"}],"about":[{"href":"https:\/\/cdnoticias.com\/index.php\/wp-json\/wp\/v2\/types\/post"}],"author":[{"embeddable":true,"href":"https:\/\/cdnoticias.com\/index.php\/wp-json\/wp\/v2\/users\/6"}],"replies":[{"embeddable":true,"href":"https:\/\/cdnoticias.com\/index.php\/wp-json\/wp\/v2\/comments?post=59280"}],"version-history":[{"count":0,"href":"https:\/\/cdnoticias.com\/index.php\/wp-json\/wp\/v2\/posts\/59280\/revisions"}],"wp:featuredmedia":[{"embeddable":true,"href":"https:\/\/cdnoticias.com\/index.php\/wp-json\/wp\/v2\/media\/59281"}],"wp:attachment":[{"href":"https:\/\/cdnoticias.com\/index.php\/wp-json\/wp\/v2\/media?parent=59280"}],"wp:term":[{"taxonomy":"category","embeddable":true,"href":"https:\/\/cdnoticias.com\/index.php\/wp-json\/wp\/v2\/categories?post=59280"},{"taxonomy":"post_tag","embeddable":true,"href":"https:\/\/cdnoticias.com\/index.php\/wp-json\/wp\/v2\/tags?post=59280"}],"curies":[{"name":"wp","href":"https:\/\/api.w.org\/{rel}","templated":true}]}}