{"id":5928,"date":"2020-11-08T10:44:26","date_gmt":"2020-11-08T13:44:26","guid":{"rendered":"http:\/\/www.centraldenoticias.com.ar\/?p=5928"},"modified":"2020-11-08T10:44:26","modified_gmt":"2020-11-08T13:44:26","slug":"hallaron-en-un-baldio-una-moto-robada","status":"publish","type":"post","link":"https:\/\/cdnoticias.com\/index.php\/2020\/11\/08\/hallaron-en-un-baldio-una-moto-robada\/","title":{"rendered":"Hallaron en un bald\u00edo una moto robada"},"content":{"rendered":"<p>El ciclomotor hab\u00eda sido robados horas antes en la zona del barrio Mart\u00edn Fierro.<\/p>\n<p><!--more--><\/p>\n<hr \/>\n<p>Personal del Comando de Patrullas logr\u00f3 llevar adelante el hallazgo y secuestro de una moto que horas antes hab\u00eda sido robada en la zona del barrio Mart\u00edn Fierro. <strong>Ahora persisten las averiguaciones para determinar c\u00f3mo se dieron los hechos y, m\u00e1s a\u00fan, los autores<\/strong>.<\/p>\n<p>&nbsp;<\/p>\n<p>De acuerdo con lo que se detall\u00f3, <strong>el rodado fue encontrado en un terreno bald\u00edo ubicado sobre avenida Pueyrred\u00f3n y De\u00e1n Funes, pero hab\u00eda sido robado de un domicilio situado en avenida Urquiza al 1400.<\/strong><\/p>\n<p>&nbsp;<\/p>\n<p>La moto, una Gilera Smash, fue remitida a la sede de la comisar\u00eda Segunda y <strong>todo lo actuado puesto a disposici\u00f3n de la fiscal\u00eda en turno, la UFI N\u00b0 4 de la doctora Paula Serrano.<\/strong><\/p>\n<p>&nbsp;<\/p>\n<p>&nbsp;<\/p>\n<p>&nbsp;<\/p>\n","protected":false},"excerpt":{"rendered":"<p>El ciclomotor hab\u00eda sido robados horas antes en la zona del barrio Mart\u00edn Fierro.<\/p>\n","protected":false},"author":3,"featured_media":5929,"comment_status":"closed","ping_status":"closed","sticky":false,"template":"","format":"standard","meta":{"_jetpack_memberships_contains_paid_content":false,"footnotes":""},"categories":[5,1],"tags":[],"class_list":["post-5928","post","type-post","status-publish","format-standard","has-post-thumbnail","hentry","category-informacion-general","category-portada"],"jetpack_featured_media_url":"https:\/\/i0.wp.com\/cdnoticias.com\/wp-content\/uploads\/2020\/11\/WhatsApp-Image-2020-11-08-at-10.28.25-AM-e1604843052421.jpeg?fit=1276%2C812&ssl=1","jetpack_sharing_enabled":true,"_links":{"self":[{"href":"https:\/\/cdnoticias.com\/index.php\/wp-json\/wp\/v2\/posts\/5928","targetHints":{"allow":["GET"]}}],"collection":[{"href":"https:\/\/cdnoticias.com\/index.php\/wp-json\/wp\/v2\/posts"}],"about":[{"href":"https:\/\/cdnoticias.com\/index.php\/wp-json\/wp\/v2\/types\/post"}],"author":[{"embeddable":true,"href":"https:\/\/cdnoticias.com\/index.php\/wp-json\/wp\/v2\/users\/3"}],"replies":[{"embeddable":true,"href":"https:\/\/cdnoticias.com\/index.php\/wp-json\/wp\/v2\/comments?post=5928"}],"version-history":[{"count":0,"href":"https:\/\/cdnoticias.com\/index.php\/wp-json\/wp\/v2\/posts\/5928\/revisions"}],"wp:featuredmedia":[{"embeddable":true,"href":"https:\/\/cdnoticias.com\/index.php\/wp-json\/wp\/v2\/media\/5929"}],"wp:attachment":[{"href":"https:\/\/cdnoticias.com\/index.php\/wp-json\/wp\/v2\/media?parent=5928"}],"wp:term":[{"taxonomy":"category","embeddable":true,"href":"https:\/\/cdnoticias.com\/index.php\/wp-json\/wp\/v2\/categories?post=5928"},{"taxonomy":"post_tag","embeddable":true,"href":"https:\/\/cdnoticias.com\/index.php\/wp-json\/wp\/v2\/tags?post=5928"}],"curies":[{"name":"wp","href":"https:\/\/api.w.org\/{rel}","templated":true}]}}