{"id":59278,"date":"2022-07-15T08:12:40","date_gmt":"2022-07-15T11:12:40","guid":{"rendered":"https:\/\/www.centraldenoticias.com.ar\/?p=59278"},"modified":"2022-07-15T08:12:40","modified_gmt":"2022-07-15T11:12:40","slug":"renacer-del-hierro-en-el-museo-damaso-arce","status":"publish","type":"post","link":"https:\/\/cdnoticias.com\/index.php\/2022\/07\/15\/renacer-del-hierro-en-el-museo-damaso-arce\/","title":{"rendered":"\u201cRenacer del Hierro\u201d en el Museo D\u00e1maso Arce"},"content":{"rendered":"<p>La muestra es del artista Marcelo \u201cToty\u201d Conte y ser\u00e1 inaugurada el s\u00e1bado 16 de julio a las 18:00. <!--more--><\/p>\n<hr \/>\n<p>&nbsp;<\/p>\n<p>Una nueva muestra se inaugurar\u00e1 en el<strong> Museo D\u00e1maso Arce,<\/strong> esta vez ser\u00e1 la oportunidad de <strong>\u201cRenacer del Hierro\u201d<\/strong> del artista <strong>Marcelo \u201cToty\u201d Conte.\u00a0<\/strong><\/p>\n<p>&nbsp;<\/p>\n<p><strong>&#8220;Conte, busca que sus esculturas resulten atractivas por su complejidad y al mismo tiempo lo sean por estar realizadas en hierro reciclado&#8221;<\/strong> se indic\u00f3.<\/p>\n<p>&nbsp;<\/p>\n<p>La muestra re\u00fane una serie de <strong>esculturas inspiradas en los dibujos del tatuaje<\/strong> y por tal motivo se destacan <strong>seres mitol\u00f3gicos, de ficci\u00f3n y religiosos.<\/strong><\/p>\n<p>&nbsp;<\/p>\n<p><strong>&#8220;Renacer del Hierro\u201d<\/strong> ser\u00e1 inaugurada el <strong>s\u00e1bado 16 de julio a las 18:00<\/strong> en el Museo \u201cD\u00e1maso Arce\u201d y permanecer\u00e1 en exposici\u00f3n hasta el 11 de septiembre.<\/p>\n<p>&nbsp;<\/p>\n<p>&#8220;Marcelo &#8220;Toty&#8221; Conte ha sido, desde su infancia, un<strong> apasionado por el arte.<\/strong> Tom\u00f3 clases de dibujo y ya en su adolescencia incursion\u00f3 en el modelado de arcilla, pintura, pirograbado en cuero y madera, grabado en aluminio y acero inoxidable. Durante varios a\u00f1os<strong> se desempe\u00f1\u00f3 como tatuador<\/strong>, actividad que realiz\u00f3 a la par de la tarea de metal\u00fargico&#8221; se inform\u00f3.<\/p>\n<p>&nbsp;<\/p>\n<p>Tal como cuenta el artista,\u00a0<em><strong>\u201cpretendo con mi arte no solo generar emoci\u00f3n y asombro en el espectador sino tambi\u00e9n concientizar y hacerles saber que por medio del reciclaje se pueden transformar los residuos en objetos nuevos prolongando su vida \u00fatil de manera creativa.<\/strong> Los materiales nunca mueren, podemos mediante un trabajo minucioso y especial darles una nueva oportunidad y es ah\u00ed donde con mi ingenio y creatividad me permito revivir el hierro convirti\u00e9ndolo en verdaderas obras de arte, <strong>nada se pierde todo se transforma\u201d.<\/strong><\/em><\/p>\n<p>&nbsp;<\/p>\n","protected":false},"excerpt":{"rendered":"<p>La muestra es del artista Marcelo \u201cToty\u201d Conte y ser\u00e1 inaugurada el s\u00e1bado 16 de julio a las 18:00.<\/p>\n","protected":false},"author":6,"featured_media":50370,"comment_status":"closed","ping_status":"closed","sticky":false,"template":"","format":"standard","meta":{"_jetpack_memberships_contains_paid_content":false,"footnotes":""},"categories":[9,1],"tags":[],"class_list":["post-59278","post","type-post","status-publish","format-standard","has-post-thumbnail","hentry","category-cultura","category-portada"],"jetpack_featured_media_url":"https:\/\/i0.wp.com\/cdnoticias.com\/wp-content\/uploads\/2022\/03\/Museo-Damaso-Arce-Drone.jpg?fit=800%2C445&ssl=1","jetpack_sharing_enabled":true,"_links":{"self":[{"href":"https:\/\/cdnoticias.com\/index.php\/wp-json\/wp\/v2\/posts\/59278","targetHints":{"allow":["GET"]}}],"collection":[{"href":"https:\/\/cdnoticias.com\/index.php\/wp-json\/wp\/v2\/posts"}],"about":[{"href":"https:\/\/cdnoticias.com\/index.php\/wp-json\/wp\/v2\/types\/post"}],"author":[{"embeddable":true,"href":"https:\/\/cdnoticias.com\/index.php\/wp-json\/wp\/v2\/users\/6"}],"replies":[{"embeddable":true,"href":"https:\/\/cdnoticias.com\/index.php\/wp-json\/wp\/v2\/comments?post=59278"}],"version-history":[{"count":0,"href":"https:\/\/cdnoticias.com\/index.php\/wp-json\/wp\/v2\/posts\/59278\/revisions"}],"wp:featuredmedia":[{"embeddable":true,"href":"https:\/\/cdnoticias.com\/index.php\/wp-json\/wp\/v2\/media\/50370"}],"wp:attachment":[{"href":"https:\/\/cdnoticias.com\/index.php\/wp-json\/wp\/v2\/media?parent=59278"}],"wp:term":[{"taxonomy":"category","embeddable":true,"href":"https:\/\/cdnoticias.com\/index.php\/wp-json\/wp\/v2\/categories?post=59278"},{"taxonomy":"post_tag","embeddable":true,"href":"https:\/\/cdnoticias.com\/index.php\/wp-json\/wp\/v2\/tags?post=59278"}],"curies":[{"name":"wp","href":"https:\/\/api.w.org\/{rel}","templated":true}]}}