{"id":59259,"date":"2022-07-05T16:59:52","date_gmt":"2022-07-05T19:59:52","guid":{"rendered":"https:\/\/www.centraldenoticias.com.ar\/?p=59259"},"modified":"2022-07-05T19:49:56","modified_gmt":"2022-07-05T22:49:56","slug":"se-definio-por-mayoria-este-jueves-se-votara-la-suba-del-boleto-de-tu-bus","status":"publish","type":"post","link":"https:\/\/cdnoticias.com\/index.php\/2022\/07\/05\/se-definio-por-mayoria-este-jueves-se-votara-la-suba-del-boleto-de-tu-bus\/","title":{"rendered":"Se defini\u00f3 por mayor\u00eda: este jueves se votar\u00e1 la suba del boleto de Tu Bus"},"content":{"rendered":"<p>Se reuni\u00f3 la comisi\u00f3n de Legislaci\u00f3n donde los bloques Juntos y UCR-Juntos sumaron los votos para el debate en el recinto. Tambi\u00e9n se tratar\u00e1 sobre \u201cespacios nocturnos libres de violencia\u201d.<!--more--><\/p>\n<hr \/>\n<p><strong>Desde el Concejo Deliberante se dio a conocer la reuni\u00f3n de este martes de la comisi\u00f3n de Legislaci\u00f3n presidia por Guillermina Amespil (Juntos)<\/strong>. La comisi\u00f3n despach\u00f3 los \u00faltimos expedientes que tendr\u00e1n tratamiento novena sesi\u00f3n ordinaria del pr\u00f3ximo jueves.<\/p>\n<p>&nbsp;<\/p>\n<p>Tal como estaba previsto, <strong>se pas\u00f3 para su debate en sesi\u00f3n el expediente que busca modificar la tarifa del transporte p\u00fablico urbano<\/strong>. El pase se dio por mayor\u00eda: <strong>los bloques Juntos y UCR-Juntos aprobaron el tratamiento en sesi\u00f3n<\/strong>, mientras que los bloques Frente de Todos, Foro Olavarr\u00eda y Ahora Olavarr\u00eda votaron por la negativa.<\/p>\n<p>&nbsp;<\/p>\n<blockquote class=\"twitter-tweet\">\n<p dir=\"ltr\" lang=\"es\"><a href=\"https:\/\/twitter.com\/hashtag\/AgendaComisiones?src=hash&amp;ref_src=twsrc%5Etfw\">#AgendaComisiones<\/a><br \/>\nLa concejal Guillermina Amespil presidir\u00e1 la comisi\u00f3n de Legislaci\u00f3n. Se despachar\u00e1n los \u00faltimos expedientes que tendr\u00e1n tratamiento novena Sesi\u00f3n Ordinaria del jueves 7 <a href=\"https:\/\/t.co\/8tQDMZi2sk\">pic.twitter.com\/8tQDMZi2sk<\/a><\/p>\n<p>\u2014 HCD Olavarr\u00eda (@HCD_OLAVARRIA) <a href=\"https:\/\/twitter.com\/HCD_OLAVARRIA\/status\/1544274388974985217?ref_src=twsrc%5Etfw\">July 5, 2022<\/a><\/p><\/blockquote>\n<p><script async src=\"https:\/\/platform.twitter.com\/widgets.js\" charset=\"utf-8\"><\/script><\/p>\n<p>&nbsp;<\/p>\n<blockquote><p>Los concejales podr\u00e1n a votaci\u00f3n el expediente para el aumento de alrededor de 80% de la tarifa: actualmente se paga 33,20 pesos el boleto y pasar\u00eda a 61,40 pesos de aprobarse.<\/p><\/blockquote>\n<p>&nbsp;<\/p>\n<p><strong>La cifra surgi\u00f3 de la auditor\u00eda que realiz\u00f3 la Secretar\u00eda de Hacienda municipal en funci\u00f3n de la estructura de costos de la empresa Tu Bus,<\/strong> concesionaria del servicio, la cual impuls\u00f3 el<a href=\"https:\/\/cdnoticias.com\/index.php\/2022\/04\/07\/tu-bus-solicito-al-hcd-un-aumento-de-boleto-de-13445\/\" target=\"_blank\" rel=\"noopener\"> pedido de aumento en el mes de abril y busc\u00f3 que la suba llegue a m\u00e1s de 130%<\/a>.<\/p>\n<p>&nbsp;<\/p>\n<p>Por otro lado, tambi\u00e9n <strong>se dio el pase a sesi\u00f3n de un expediente iniciado por la Juventud Radical sobre \u201cespacios nocturnos libres de violencia\u201d<\/strong> sobre el que se destac\u00f3 la labor de los concejales en todas las comisiones por las que ha pasado y su intenci\u00f3n de que llegara a debate en el recinto antes del receso de invierno.<\/p>\n<p>&nbsp;<\/p>\n<p>Tambi\u00e9n este martes<strong> se reuni\u00f3 la comisi\u00f3n de Salud,<\/strong> presidida por la concejal Natalia \u00c1lvarez (Frente de Todos).<\/p>\n<p>&nbsp;<\/p>\n<p><img data-recalc-dims=\"1\" loading=\"lazy\" decoding=\"async\" class=\"size-full wp-image-59261 aligncenter\" src=\"https:\/\/i0.wp.com\/cdnoticias.com\/wp-content\/uploads\/2022\/07\/HCD-comision-de-salud-00.jpg?resize=800%2C445&#038;ssl=1\" alt=\"\" width=\"800\" height=\"445\" srcset=\"https:\/\/i0.wp.com\/cdnoticias.com\/wp-content\/uploads\/2022\/07\/HCD-comision-de-salud-00.jpg?w=800&amp;ssl=1 800w, https:\/\/i0.wp.com\/cdnoticias.com\/wp-content\/uploads\/2022\/07\/HCD-comision-de-salud-00.jpg?resize=300%2C167&amp;ssl=1 300w, https:\/\/i0.wp.com\/cdnoticias.com\/wp-content\/uploads\/2022\/07\/HCD-comision-de-salud-00.jpg?resize=768%2C427&amp;ssl=1 768w\" sizes=\"auto, (max-width: 800px) 100vw, 800px\" \/><\/p>\n<p>&nbsp;<\/p>\n<p>Por \u00faltimo, y con vistas a la sesi\u00f3n ordinaria <strong>este mi\u00e9rcoles a las 9 horas se realizar\u00e1 la reuni\u00f3n de Labor Parlamentaria<\/strong>.<\/p>\n<p>&nbsp;<\/p>\n<p>La sesi\u00f3n se har\u00e1 el jueves en el Sal\u00f3n de la Sociedad Espa\u00f1ola. \u00c9sta, como se inform\u00f3 oportunamente, <a href=\"https:\/\/cdnoticias.com\/index.php\/2021\/07\/12\/el-concejo-deliberante-tendra-receso-hasta-fin-de-mes\/\" target=\"_blank\" rel=\"noopener\">ser\u00e1 la \u00faltima sesi\u00f3n ordinaria antes del receso del personal administrativo del Concejo<\/a>.<\/p>\n","protected":false},"excerpt":{"rendered":"<p>Se reuni\u00f3 la comisi\u00f3n de Legislaci\u00f3n donde los bloques Juntos y UCR-Juntos sumaron los votos para el debate en el<\/p>\n","protected":false},"author":4,"featured_media":59260,"comment_status":"closed","ping_status":"closed","sticky":false,"template":"","format":"standard","meta":{"_jetpack_memberships_contains_paid_content":false,"footnotes":""},"categories":[4,1],"tags":[],"class_list":["post-59259","post","type-post","status-publish","format-standard","has-post-thumbnail","hentry","category-politica","category-portada"],"jetpack_featured_media_url":"https:\/\/i0.wp.com\/cdnoticias.com\/wp-content\/uploads\/2022\/07\/HCD-comision-de-legislacion-00.jpg?fit=800%2C445&ssl=1","jetpack_sharing_enabled":true,"_links":{"self":[{"href":"https:\/\/cdnoticias.com\/index.php\/wp-json\/wp\/v2\/posts\/59259","targetHints":{"allow":["GET"]}}],"collection":[{"href":"https:\/\/cdnoticias.com\/index.php\/wp-json\/wp\/v2\/posts"}],"about":[{"href":"https:\/\/cdnoticias.com\/index.php\/wp-json\/wp\/v2\/types\/post"}],"author":[{"embeddable":true,"href":"https:\/\/cdnoticias.com\/index.php\/wp-json\/wp\/v2\/users\/4"}],"replies":[{"embeddable":true,"href":"https:\/\/cdnoticias.com\/index.php\/wp-json\/wp\/v2\/comments?post=59259"}],"version-history":[{"count":0,"href":"https:\/\/cdnoticias.com\/index.php\/wp-json\/wp\/v2\/posts\/59259\/revisions"}],"wp:featuredmedia":[{"embeddable":true,"href":"https:\/\/cdnoticias.com\/index.php\/wp-json\/wp\/v2\/media\/59260"}],"wp:attachment":[{"href":"https:\/\/cdnoticias.com\/index.php\/wp-json\/wp\/v2\/media?parent=59259"}],"wp:term":[{"taxonomy":"category","embeddable":true,"href":"https:\/\/cdnoticias.com\/index.php\/wp-json\/wp\/v2\/categories?post=59259"},{"taxonomy":"post_tag","embeddable":true,"href":"https:\/\/cdnoticias.com\/index.php\/wp-json\/wp\/v2\/tags?post=59259"}],"curies":[{"name":"wp","href":"https:\/\/api.w.org\/{rel}","templated":true}]}}