{"id":59242,"date":"2022-07-05T11:12:40","date_gmt":"2022-07-05T14:12:40","guid":{"rendered":"https:\/\/www.centraldenoticias.com.ar\/?p=59242"},"modified":"2022-07-05T14:37:19","modified_gmt":"2022-07-05T17:37:19","slug":"azul-un-olavarriense-intento-robar-dos-veces-fue-capturado-y-agredio-a-una-medica","status":"publish","type":"post","link":"https:\/\/cdnoticias.com\/index.php\/2022\/07\/05\/azul-un-olavarriense-intento-robar-dos-veces-fue-capturado-y-agredio-a-una-medica\/","title":{"rendered":"Azul: un olavarriense intent\u00f3 robar dos veces, fue capturado y agredi\u00f3 a una m\u00e9dica"},"content":{"rendered":"<p>Los hechos ocurrieron el pasado domingo. Quiso robar en un comercio y asaltar a un hombre en una camioneta. Tras negarse a declarar pidieron la detenci\u00f3n del joven al que le imputan varios delitos.<!--more--><\/p>\n<hr \/>\n<p><strong>Robo en grado de tentativa, amenazas simples y da\u00f1o<\/strong> son los delitos que le imputan a un olavarriense que fue aprehendido el domingo tras haber protagonizado esos episodios delictivos en la ciudad de Azul.<\/p>\n<p>&nbsp;<\/p>\n<p>Seg\u00fan lo informado oficialmente, luego de autolesionarse en el interior de un patrullero cuando result\u00f3 arrestado, el acusado fue llevado al Hospital Pintos para practicarle curaciones y en el centro asistencial municipal <strong>rompi\u00f3 el vidrio de una puerta y agredi\u00f3 a una m\u00e9dica.<\/strong><\/p>\n<p>&nbsp;<\/p>\n<p><strong>Alejandro Dami\u00e1n Ib\u00e1\u00f1ez, de 19 a\u00f1os,<\/strong> es el acusado quien se neg\u00f3 a declarar con relaci\u00f3n a los delitos que se le imputan y por los cuales<strong> fue solicitada tambi\u00e9n su detenci\u00f3n.<\/strong><\/p>\n<p>&nbsp;<\/p>\n<figure id=\"attachment_59247\" aria-describedby=\"caption-attachment-59247\" style=\"width: 800px\" class=\"wp-caption aligncenter\"><img data-recalc-dims=\"1\" loading=\"lazy\" decoding=\"async\" class=\"wp-image-59247 size-full\" src=\"https:\/\/i0.wp.com\/cdnoticias.com\/wp-content\/uploads\/2022\/07\/El-Tiempo-aprehendido-azul-02.jpg?resize=800%2C445&#038;ssl=1\" alt=\"\" width=\"800\" height=\"445\" srcset=\"https:\/\/i0.wp.com\/cdnoticias.com\/wp-content\/uploads\/2022\/07\/El-Tiempo-aprehendido-azul-02.jpg?w=800&amp;ssl=1 800w, https:\/\/i0.wp.com\/cdnoticias.com\/wp-content\/uploads\/2022\/07\/El-Tiempo-aprehendido-azul-02.jpg?resize=300%2C167&amp;ssl=1 300w, https:\/\/i0.wp.com\/cdnoticias.com\/wp-content\/uploads\/2022\/07\/El-Tiempo-aprehendido-azul-02.jpg?resize=768%2C427&amp;ssl=1 768w\" sizes=\"auto, (max-width: 800px) 100vw, 800px\" \/><figcaption id=\"caption-attachment-59247\" class=\"wp-caption-text\">El vidrio de una puerta del Hospital &#8220;Pintos&#8221; termin\u00f3 roto.<\/figcaption><\/figure>\n<p>&nbsp;<\/p>\n<p><strong>Un intento de robo que qued\u00f3 filmado<\/strong><\/p>\n<p>&nbsp;<\/p>\n<p>Ib\u00e1\u00f1ez intent\u00f3 robar un comercio el pasado domingo minutos despu\u00e9s de las 17. La empleada de ese local, de Mitre y Las Flores, relat\u00f3 que el joven comenz\u00f3 a intimidarla de manera verbal, al mismo tiempo que se levantaba la ropa y evidenciaba que estaba armado.<\/p>\n<p>&nbsp;<\/p>\n<p>Lo curioso fue que cuando la empleada del comercio intent\u00f3 darle la plata, que era el cambio que ten\u00eda en la caja registradora en ese momento, el joven se neg\u00f3, exigi\u00e9ndole que le diera una mayor cantidad de dinero, lo cual ocurri\u00f3 en la previa a que se fuera del local sin llevarse nada.<\/p>\n<p>&nbsp;<\/p>\n<p>R\u00e1pidamente, la mujer se dirigi\u00f3 a la seccional Primera a realizar la denuncia y <strong>aport\u00f3 la filmaci\u00f3n de las c\u00e1maras de seguridad del negocio.<\/strong> De esta forma, los efectivos policiales dispusieron un operativo para ubicarlo.<\/p>\n<p>&nbsp;<\/p>\n<figure id=\"attachment_59246\" aria-describedby=\"caption-attachment-59246\" style=\"width: 800px\" class=\"wp-caption aligncenter\"><img data-recalc-dims=\"1\" loading=\"lazy\" decoding=\"async\" class=\"wp-image-59246 size-full\" src=\"https:\/\/i0.wp.com\/cdnoticias.com\/wp-content\/uploads\/2022\/07\/El-Tiempo-aprehendido-azul-01.jpg?resize=800%2C445&#038;ssl=1\" alt=\"\" width=\"800\" height=\"445\" srcset=\"https:\/\/i0.wp.com\/cdnoticias.com\/wp-content\/uploads\/2022\/07\/El-Tiempo-aprehendido-azul-01.jpg?w=800&amp;ssl=1 800w, https:\/\/i0.wp.com\/cdnoticias.com\/wp-content\/uploads\/2022\/07\/El-Tiempo-aprehendido-azul-01.jpg?resize=300%2C167&amp;ssl=1 300w, https:\/\/i0.wp.com\/cdnoticias.com\/wp-content\/uploads\/2022\/07\/El-Tiempo-aprehendido-azul-01.jpg?resize=768%2C427&amp;ssl=1 768w\" sizes=\"auto, (max-width: 800px) 100vw, 800px\" \/><figcaption id=\"caption-attachment-59246\" class=\"wp-caption-text\">El acusado portaba un cuchillo, que fue secuestrado.<\/figcaption><\/figure>\n<p>&nbsp;<\/p>\n<p><strong>Portaba un cuchillo<\/strong><\/p>\n<p>&nbsp;<\/p>\n<p>Ib\u00e1\u00f1ez result\u00f3 arrestado en el momento en el que<strong> intent\u00f3 cometer un segundo il\u00edcito: asaltar al conductor de un utilitario<\/strong>, utilizando un cuchillo, en el cruce de Mitre y Rauch de la ciudad de Azul.<\/p>\n<p>&nbsp;<\/p>\n<p>Voceros de seguridad informaron que estando <strong>dentro del patrullero comenz\u00f3 a dar cabezazos con intenciones de autolesionarse,<\/strong> adem\u00e1s de que insultaba a los polic\u00edas que hab\u00edan intervenido durante su aprehensi\u00f3n.<\/p>\n<p>&nbsp;<\/p>\n<p>En un reporte dado a conocer desde la Estaci\u00f3n de Polic\u00eda Departamental de Seguridad Azul se se\u00f1al\u00f3 que Ib\u00e1\u00f1ez, estando en el interior del m\u00f3vil, se provoc\u00f3 lesiones. Y como consecuencia de la gravedad de diferentes cortes que presentaba, se decidi\u00f3<strong> llevarlo al Hospital Pintos para que recibiera atenci\u00f3n m\u00e9dica.<\/strong><\/p>\n<p>&nbsp;<\/p>\n<p>De esa manera, en el estado en que se encontraba el joven fue trasladado en el m\u00f3vil policial hasta el centro asistencial, donde tambi\u00e9n provoc\u00f3 incidentes.<\/p>\n<p>&nbsp;<\/p>\n<p>Al respecto se mencion\u00f3 que estando en el hospital, \u201cdebido al grado alto de exaltaci\u00f3n\u201d que todav\u00eda evidenciaba <strong>el joven rompi\u00f3 el vidrio de una puerta y le dio \u201cun puntapi\u00e9 en el brazo\u201d a una m\u00e9dica<\/strong> que estaba en ese entonces en la Guardia.<\/p>\n<p>&nbsp;<\/p>\n<p>Fuente y Fotos: <em>Diario El Tiempo<\/em><\/p>\n","protected":false},"excerpt":{"rendered":"<p>Los hechos ocurrieron el pasado domingo. Quiso robar en un comercio y asaltar a un hombre en una camioneta. Tras<\/p>\n","protected":false},"author":5,"featured_media":59245,"comment_status":"closed","ping_status":"closed","sticky":false,"template":"","format":"standard","meta":{"_jetpack_memberships_contains_paid_content":false,"footnotes":""},"categories":[14,1],"tags":[],"class_list":["post-59242","post","type-post","status-publish","format-standard","has-post-thumbnail","hentry","category-policiales","category-portada"],"jetpack_featured_media_url":"https:\/\/i0.wp.com\/cdnoticias.com\/wp-content\/uploads\/2022\/07\/El-Tiempo-aprehendido-azul-00.jpg?fit=1000%2C556&ssl=1","jetpack_sharing_enabled":true,"_links":{"self":[{"href":"https:\/\/cdnoticias.com\/index.php\/wp-json\/wp\/v2\/posts\/59242","targetHints":{"allow":["GET"]}}],"collection":[{"href":"https:\/\/cdnoticias.com\/index.php\/wp-json\/wp\/v2\/posts"}],"about":[{"href":"https:\/\/cdnoticias.com\/index.php\/wp-json\/wp\/v2\/types\/post"}],"author":[{"embeddable":true,"href":"https:\/\/cdnoticias.com\/index.php\/wp-json\/wp\/v2\/users\/5"}],"replies":[{"embeddable":true,"href":"https:\/\/cdnoticias.com\/index.php\/wp-json\/wp\/v2\/comments?post=59242"}],"version-history":[{"count":0,"href":"https:\/\/cdnoticias.com\/index.php\/wp-json\/wp\/v2\/posts\/59242\/revisions"}],"wp:featuredmedia":[{"embeddable":true,"href":"https:\/\/cdnoticias.com\/index.php\/wp-json\/wp\/v2\/media\/59245"}],"wp:attachment":[{"href":"https:\/\/cdnoticias.com\/index.php\/wp-json\/wp\/v2\/media?parent=59242"}],"wp:term":[{"taxonomy":"category","embeddable":true,"href":"https:\/\/cdnoticias.com\/index.php\/wp-json\/wp\/v2\/categories?post=59242"},{"taxonomy":"post_tag","embeddable":true,"href":"https:\/\/cdnoticias.com\/index.php\/wp-json\/wp\/v2\/tags?post=59242"}],"curies":[{"name":"wp","href":"https:\/\/api.w.org\/{rel}","templated":true}]}}