{"id":5923,"date":"2020-11-08T09:24:01","date_gmt":"2020-11-08T12:24:01","guid":{"rendered":"http:\/\/www.centraldenoticias.com.ar\/?p=5923"},"modified":"2020-11-08T09:24:01","modified_gmt":"2020-11-08T12:24:01","slug":"el-foro-olavarria-prepara-un-evento-virtual-para-festejar-el-cumpleanos-de-olavarria","status":"publish","type":"post","link":"https:\/\/cdnoticias.com\/index.php\/2020\/11\/08\/el-foro-olavarria-prepara-un-evento-virtual-para-festejar-el-cumpleanos-de-olavarria\/","title":{"rendered":"El Foro Olavarr\u00eda prepara un evento virtual para festejar el cumplea\u00f1os de Olavarr\u00eda"},"content":{"rendered":"<p>As\u00ed fue anunciado desde el espacio pol\u00edtico local, que inform\u00f3 adem\u00e1s que el evento contar\u00e1 con la presentaci\u00f3n de artistas locales en vivo.<\/p>\n<p><!--more--><\/p>\n<hr \/>\n<p>El pr\u00f3ximo mi\u00e9rcoles 25 de noviembre Olavarr\u00eda cumplir\u00e1 153 a\u00f1os, y desde el Foro Olavarr\u00eda se llevan adelante distintas gestiones para <strong>festejarlo de la mejor forma, pero siempre respetando las actuales medidas enmarcadas en la emergencia sanitaria de coronavirus.<\/strong><\/p>\n<p>&nbsp;<\/p>\n<p>Es por ello que, seg\u00fan se enfatiz\u00f3 desde el espacio pol\u00edtico local, <strong>se tratar\u00e1 de un evento que ser\u00e1 transmitido por plataformas virtuales y que contar\u00e1 con la presentaci\u00f3n de artistas locales en vivo.<\/strong><\/p>\n<p>&nbsp;<\/p>\n<p>De acuerdo con lo que se a\u00f1adi\u00f3,<strong> \u201cal igual que las propuestas que el espacio ha compartido en este contexto de pandemia, la transmisi\u00f3n ser\u00e1 a trav\u00e9s de las plataformas Facebook Live y YouTube del Foro Olavarr\u00eda. Por estos medios se podr\u00e1 participar de esta fiesta popular y pensada para toda la familia\u201d.<\/strong><\/p>\n<p>&nbsp;<\/p>\n<p>Eduardo Rodr\u00edguez, concejal del Foro Olavarr\u00eda y referente del Frente Renovador, se\u00f1al\u00f3 que <strong>\u201clos olavarrienses merecemos celebrar un nuevo aniversario a pesar de las dificultades y respetando los protocolos de seguridad para Covid-19. En esta l\u00ednea, el espacio se encuentra trabajando en los preparativos del evento, enmarcado en la consigna #Olavarr\u00edaUnida\u201d.<\/strong><\/p>\n<p>&nbsp;<\/p>\n<p>Desde el Foro Olavarr\u00eda se invita a participar del streaming en sus perfiles de YouTube y Facebook Live, y de las actividades del Foro ingresando al sitio https:\/\/www.foroolavarria.org. Tambi\u00e9n pueden escribir al correo electr\u00f3nico foroolavarria@gmail.com o comunicarse v\u00eda WhatsApp del Foro Olavarr\u00eda al 2284-554873.<\/p>\n","protected":false},"excerpt":{"rendered":"<p>As\u00ed fue anunciado desde el espacio pol\u00edtico local, que inform\u00f3 adem\u00e1s que el evento contar\u00e1 con la presentaci\u00f3n de artistas<\/p>\n","protected":false},"author":3,"featured_media":5924,"comment_status":"closed","ping_status":"closed","sticky":false,"template":"","format":"standard","meta":{"_jetpack_memberships_contains_paid_content":false,"footnotes":""},"categories":[9,1],"tags":[],"class_list":["post-5923","post","type-post","status-publish","format-standard","has-post-thumbnail","hentry","category-cultura","category-portada"],"jetpack_featured_media_url":"https:\/\/i0.wp.com\/cdnoticias.com\/wp-content\/uploads\/2020\/11\/aniversario.jpeg?fit=1280%2C736&ssl=1","jetpack_sharing_enabled":true,"_links":{"self":[{"href":"https:\/\/cdnoticias.com\/index.php\/wp-json\/wp\/v2\/posts\/5923","targetHints":{"allow":["GET"]}}],"collection":[{"href":"https:\/\/cdnoticias.com\/index.php\/wp-json\/wp\/v2\/posts"}],"about":[{"href":"https:\/\/cdnoticias.com\/index.php\/wp-json\/wp\/v2\/types\/post"}],"author":[{"embeddable":true,"href":"https:\/\/cdnoticias.com\/index.php\/wp-json\/wp\/v2\/users\/3"}],"replies":[{"embeddable":true,"href":"https:\/\/cdnoticias.com\/index.php\/wp-json\/wp\/v2\/comments?post=5923"}],"version-history":[{"count":0,"href":"https:\/\/cdnoticias.com\/index.php\/wp-json\/wp\/v2\/posts\/5923\/revisions"}],"wp:featuredmedia":[{"embeddable":true,"href":"https:\/\/cdnoticias.com\/index.php\/wp-json\/wp\/v2\/media\/5924"}],"wp:attachment":[{"href":"https:\/\/cdnoticias.com\/index.php\/wp-json\/wp\/v2\/media?parent=5923"}],"wp:term":[{"taxonomy":"category","embeddable":true,"href":"https:\/\/cdnoticias.com\/index.php\/wp-json\/wp\/v2\/categories?post=5923"},{"taxonomy":"post_tag","embeddable":true,"href":"https:\/\/cdnoticias.com\/index.php\/wp-json\/wp\/v2\/tags?post=5923"}],"curies":[{"name":"wp","href":"https:\/\/api.w.org\/{rel}","templated":true}]}}