{"id":59202,"date":"2022-07-06T12:30:58","date_gmt":"2022-07-06T15:30:58","guid":{"rendered":"https:\/\/www.centraldenoticias.com.ar\/?p=59202"},"modified":"2022-07-06T12:30:58","modified_gmt":"2022-07-06T15:30:58","slug":"este-jueves-no-se-dara-la-charla-teorica-de-educacion-vial","status":"publish","type":"post","link":"https:\/\/cdnoticias.com\/index.php\/2022\/07\/06\/este-jueves-no-se-dara-la-charla-teorica-de-educacion-vial\/","title":{"rendered":"Este jueves no se dar\u00e1 la charla te\u00f3rica de educaci\u00f3n vial"},"content":{"rendered":"<p>El ciclo de capacitaci\u00f3n continuar\u00e1 el pr\u00f3ximo 14 de julio a cargo de Carlos Sotuyo. <!--more--><\/p>\n<hr \/>\n<p>&nbsp;<\/p>\n<p>Desde la <strong>Direcci\u00f3n de Licencias de Conducir<\/strong> de la Municipalidad de Olavarr\u00eda se inform\u00f3 que este <strong>jueves 7 de julio no se brindar\u00e1 la charla te\u00f3rica de educaci\u00f3n vial.<\/strong><\/p>\n<p>&nbsp;<\/p>\n<p>Cabe aclarar que el ciclo de capacitaci\u00f3n <strong>continuar\u00e1 el pr\u00f3ximo 14 de julio <\/strong>a cargo de <strong>Carlos Sotuyo a las 19:00, en el Sal\u00f3n Rivadavia<\/strong>, con frecuencia semanal.<\/p>\n<p>&nbsp;<\/p>\n<p>Para realizar distintas consultas, el \u00e1rea de <strong>Licencias de Conducir<\/strong> cuenta con perfiles en redes sociales:<\/p>\n<p>&nbsp;<\/p>\n<p><strong>Facebook:<\/strong> Licencias de Conducir Olavarr\u00eda<\/p>\n<p><strong>Instagram:<\/strong> @licencias.olavarria<\/p>\n<p><strong>Twitter:<\/strong> @Licencias_Olav.<\/p>\n<p>&nbsp;<\/p>\n<p>Adem\u00e1s, se podr\u00e1n contactar a trav\u00e9s del correo <a href=\"mailto:licenciasdeconductor@olavarria.gov.ar\">licenciasdeconductor@olavarria.gov.ar<\/a><\/p>\n<p>&nbsp;<\/p>\n<p>Por otra parte, se reiteran los <strong>horarios de atenci\u00f3n en el Sal\u00f3n Rivadavia<\/strong> (Rivadavia 2879): de <strong>lunes a viernes de 07:30 a 14:00 y s\u00e1bados de 08:00 a 13.00<\/strong> (para tr\u00e1mites de renovaci\u00f3n de las licencias con vencimiento en 2022).<\/p>\n<p>&nbsp;<\/p>\n<p>Asimismo en la p\u00e1gina web del Municipio, en el\u00a0<a href=\"https:\/\/gobiernoabierto.olavarria.gov.ar\/tramites-y-servicios\/\">portal de Gobierno Abierto<\/a>, se pueden consultar todos los requisitos, documentaci\u00f3n a presentar y pasos a seguir.<\/p>\n<div class=\"at-below-post addthis_tool\" data-url=\"https:\/\/www.olavarria.gov.ar\/informacion-importante-sobre-las-charlas-de-licencias-de-conducir\/\" data-title=\"Informaci\u00f3n importante sobre las charlas de Licencias de Conducir | Municipalidad del Partido de Olavarr\u00eda\">\n<div id=\"atstbx\" class=\"at-share-tbx-element addthis-smartlayers addthis-animated at4-show\" role=\"region\" aria-labelledby=\"at-c9953021-12eb-4550-90b3-d026a4c3134b\">\n<p>&nbsp;<\/p>\n<div class=\"at-share-btn-elements\"><\/div>\n<\/div>\n<\/div>\n","protected":false},"excerpt":{"rendered":"<p>El ciclo de capacitaci\u00f3n continuar\u00e1 el pr\u00f3ximo 14 de julio a cargo de Carlos Sotuyo.<\/p>\n","protected":false},"author":6,"featured_media":59203,"comment_status":"closed","ping_status":"closed","sticky":false,"template":"","format":"standard","meta":{"_jetpack_memberships_contains_paid_content":false,"footnotes":""},"categories":[5,1],"tags":[],"class_list":["post-59202","post","type-post","status-publish","format-standard","has-post-thumbnail","hentry","category-informacion-general","category-portada"],"jetpack_featured_media_url":"https:\/\/i0.wp.com\/cdnoticias.com\/wp-content\/uploads\/2022\/07\/Licencias-de-Conducir-Charla-Sotuyo-2-1024x512-1.jpeg?fit=1024%2C512&ssl=1","jetpack_sharing_enabled":true,"_links":{"self":[{"href":"https:\/\/cdnoticias.com\/index.php\/wp-json\/wp\/v2\/posts\/59202","targetHints":{"allow":["GET"]}}],"collection":[{"href":"https:\/\/cdnoticias.com\/index.php\/wp-json\/wp\/v2\/posts"}],"about":[{"href":"https:\/\/cdnoticias.com\/index.php\/wp-json\/wp\/v2\/types\/post"}],"author":[{"embeddable":true,"href":"https:\/\/cdnoticias.com\/index.php\/wp-json\/wp\/v2\/users\/6"}],"replies":[{"embeddable":true,"href":"https:\/\/cdnoticias.com\/index.php\/wp-json\/wp\/v2\/comments?post=59202"}],"version-history":[{"count":0,"href":"https:\/\/cdnoticias.com\/index.php\/wp-json\/wp\/v2\/posts\/59202\/revisions"}],"wp:featuredmedia":[{"embeddable":true,"href":"https:\/\/cdnoticias.com\/index.php\/wp-json\/wp\/v2\/media\/59203"}],"wp:attachment":[{"href":"https:\/\/cdnoticias.com\/index.php\/wp-json\/wp\/v2\/media?parent=59202"}],"wp:term":[{"taxonomy":"category","embeddable":true,"href":"https:\/\/cdnoticias.com\/index.php\/wp-json\/wp\/v2\/categories?post=59202"},{"taxonomy":"post_tag","embeddable":true,"href":"https:\/\/cdnoticias.com\/index.php\/wp-json\/wp\/v2\/tags?post=59202"}],"curies":[{"name":"wp","href":"https:\/\/api.w.org\/{rel}","templated":true}]}}