{"id":5913,"date":"2020-11-07T20:25:19","date_gmt":"2020-11-07T23:25:19","guid":{"rendered":"http:\/\/www.centraldenoticias.com.ar\/?p=5913"},"modified":"2020-11-08T10:06:18","modified_gmt":"2020-11-08T13:06:18","slug":"covid-fallecio-una-paciente-y-se-detectaron-32-nuevos-casos","status":"publish","type":"post","link":"https:\/\/cdnoticias.com\/index.php\/2020\/11\/07\/covid-fallecio-una-paciente-y-se-detectaron-32-nuevos-casos\/","title":{"rendered":"Covid: falleci\u00f3 una paciente y se detectaron 32 nuevos casos"},"content":{"rendered":"<p class=\"western\">Se sostiene la tendencia general a la baja de casos activos. En el balance de la semana, se mantuvo alto el total de fallecimientos -8- as\u00ed como la cantidad total de internados en el Hospital -siempre sobre 30-.<!--more--><\/p>\n<hr \/>\n<p class=\"western\">La Secretar\u00eda de Salud del Gobierno Municipal inform\u00f3 <strong>este s\u00e1bado que falleci\u00f3 una paciente que hab\u00eda dado positivo para Covid-19<\/strong>.<\/p>\n<p class=\"western\">Seg\u00fan indicaron, se trata de una paciente de sexo femenino de <strong>75 a\u00f1os que estaba internada la Unidad de Terapia<\/strong> Intensiva del Hospital Municipal \u201cDr. H\u00e9ctor Cura\u201d desde hace 10 d\u00edas y presentaba comorbilidades previas.<\/p>\n<p class=\"western\">De esta manera, <strong>ascendi\u00f3 a 77 el n\u00famero de decesos totales en Olavarr\u00eda<\/strong> debido al coronavirus.<\/p>\n<p class=\"western\">Adem\u00e1s, este s\u00e1bado <strong>se registraron 32 nuevos casos de Covid-19<\/strong> en el partido de Olavarr\u00eda, hubo 40 pacientes que recibieron el alta m\u00e9dica y se descartaron 42 muestras analizadas. <strong>El total de pacientes activos es de 373.<\/strong><\/p>\n<blockquote>\n<p class=\"western\">En este sentido, cabe se\u00f1alar que se sostiene la tendencia general a la baja en la cantidad de casos activos desde hace unas dos semanas, aunque el balance total de fallecimientos sigue alto -ocho en la semana epidemiol\u00f3gica 45- as\u00ed como la cantidad total de internados -se mantuvo por encima de 30-.<\/p>\n<\/blockquote>\n<p class=\"western\">En el d\u00eda de la fecha se realizaron 74 testeos y se han superado los 9.700 desde el comienzo de la pandemia.<\/p>\n<p><img data-recalc-dims=\"1\" loading=\"lazy\" decoding=\"async\" class=\"alignnone wp-image-5914\" src=\"https:\/\/i0.wp.com\/cdnoticias.com\/wp-content\/uploads\/2020\/11\/Covid-1.jpeg?resize=400%2C400&#038;ssl=1\" alt=\"\" width=\"400\" height=\"400\" srcset=\"https:\/\/i0.wp.com\/cdnoticias.com\/wp-content\/uploads\/2020\/11\/Covid-1.jpeg?resize=300%2C300&amp;ssl=1 300w, https:\/\/i0.wp.com\/cdnoticias.com\/wp-content\/uploads\/2020\/11\/Covid-1.jpeg?resize=150%2C150&amp;ssl=1 150w, https:\/\/i0.wp.com\/cdnoticias.com\/wp-content\/uploads\/2020\/11\/Covid-1.jpeg?resize=768%2C767&amp;ssl=1 768w, https:\/\/i0.wp.com\/cdnoticias.com\/wp-content\/uploads\/2020\/11\/Covid-1.jpeg?resize=1024%2C1024&amp;ssl=1 1024w, https:\/\/i0.wp.com\/cdnoticias.com\/wp-content\/uploads\/2020\/11\/Covid-1.jpeg?w=1280&amp;ssl=1 1280w\" sizes=\"auto, (max-width: 400px) 100vw, 400px\" \/><img data-recalc-dims=\"1\" loading=\"lazy\" decoding=\"async\" class=\"alignnone wp-image-5915\" src=\"https:\/\/i0.wp.com\/cdnoticias.com\/wp-content\/uploads\/2020\/11\/Covid-2.jpeg?resize=400%2C400&#038;ssl=1\" alt=\"\" width=\"400\" height=\"400\" srcset=\"https:\/\/i0.wp.com\/cdnoticias.com\/wp-content\/uploads\/2020\/11\/Covid-2.jpeg?resize=300%2C300&amp;ssl=1 300w, https:\/\/i0.wp.com\/cdnoticias.com\/wp-content\/uploads\/2020\/11\/Covid-2.jpeg?resize=150%2C150&amp;ssl=1 150w, https:\/\/i0.wp.com\/cdnoticias.com\/wp-content\/uploads\/2020\/11\/Covid-2.jpeg?resize=768%2C768&amp;ssl=1 768w, https:\/\/i0.wp.com\/cdnoticias.com\/wp-content\/uploads\/2020\/11\/Covid-2.jpeg?resize=1024%2C1024&amp;ssl=1 1024w, https:\/\/i0.wp.com\/cdnoticias.com\/wp-content\/uploads\/2020\/11\/Covid-2.jpeg?w=1280&amp;ssl=1 1280w\" sizes=\"auto, (max-width: 400px) 100vw, 400px\" \/><\/p>\n<p class=\"western\"><strong>M\u00e1s datos<\/strong><\/p>\n<p class=\"western\">Los casos positivos detectados este s\u00e1bado corresponden a <strong>personal de comercios, f\u00e1bricas, del Servicio Penitenciario, de seguridad y a nexos con positivos anteriores.<\/strong><\/p>\n<p class=\"western\"><strong>Sobre la ocupaci\u00f3n del Hospital Municipal \u201cDr. H\u00e9ctor Cura\u201d, se indic\u00f3 que hay 32 pacientes internados<\/strong>. Son 7 pacientes alojados en la Unidad de Terapia Intensiva y 25 en el \u00e1rea de Cuidados Generales. No hay internados en el sector de Pediatr\u00eda, se aclar\u00f3.<\/p>\n<p class=\"western\">Desde la Secretar\u00eda de Salud Municipal se expuso que el 90% de los casos activos corresponden a personas con menos de 60 a\u00f1os y el 10% a mayores de 60 a\u00f1os, es decir quienes mantienen el mayor riesgo sanitario por franja etaria.<\/p>\n<p class=\"western\">Finalmente, el intendente Ezequiel Galli y la Municipalidad de Olavarr\u00eda enviaron \u201ccondolencias a los familiares y amigos de la persona fallecida\u201d.<\/p>\n","protected":false},"excerpt":{"rendered":"<p>Se sostiene la tendencia general a la baja de casos activos. En el balance de la semana, se mantuvo alto<\/p>\n","protected":false},"author":4,"featured_media":1001,"comment_status":"closed","ping_status":"closed","sticky":false,"template":"","format":"standard","meta":{"_jetpack_memberships_contains_paid_content":false,"footnotes":""},"categories":[5,1],"tags":[],"class_list":["post-5913","post","type-post","status-publish","format-standard","has-post-thumbnail","hentry","category-informacion-general","category-portada"],"jetpack_featured_media_url":"https:\/\/i0.wp.com\/cdnoticias.com\/wp-content\/uploads\/2020\/09\/HospitalMunicipal02.jpg?fit=4608%2C3072&ssl=1","jetpack_sharing_enabled":true,"_links":{"self":[{"href":"https:\/\/cdnoticias.com\/index.php\/wp-json\/wp\/v2\/posts\/5913","targetHints":{"allow":["GET"]}}],"collection":[{"href":"https:\/\/cdnoticias.com\/index.php\/wp-json\/wp\/v2\/posts"}],"about":[{"href":"https:\/\/cdnoticias.com\/index.php\/wp-json\/wp\/v2\/types\/post"}],"author":[{"embeddable":true,"href":"https:\/\/cdnoticias.com\/index.php\/wp-json\/wp\/v2\/users\/4"}],"replies":[{"embeddable":true,"href":"https:\/\/cdnoticias.com\/index.php\/wp-json\/wp\/v2\/comments?post=5913"}],"version-history":[{"count":0,"href":"https:\/\/cdnoticias.com\/index.php\/wp-json\/wp\/v2\/posts\/5913\/revisions"}],"wp:featuredmedia":[{"embeddable":true,"href":"https:\/\/cdnoticias.com\/index.php\/wp-json\/wp\/v2\/media\/1001"}],"wp:attachment":[{"href":"https:\/\/cdnoticias.com\/index.php\/wp-json\/wp\/v2\/media?parent=5913"}],"wp:term":[{"taxonomy":"category","embeddable":true,"href":"https:\/\/cdnoticias.com\/index.php\/wp-json\/wp\/v2\/categories?post=5913"},{"taxonomy":"post_tag","embeddable":true,"href":"https:\/\/cdnoticias.com\/index.php\/wp-json\/wp\/v2\/tags?post=5913"}],"curies":[{"name":"wp","href":"https:\/\/api.w.org\/{rel}","templated":true}]}}