{"id":5906,"date":"2020-11-07T18:42:30","date_gmt":"2020-11-07T21:42:30","guid":{"rendered":"http:\/\/www.centraldenoticias.com.ar\/?p=5906"},"modified":"2020-11-07T20:25:40","modified_gmt":"2020-11-07T23:25:40","slug":"pandemia-tandil-laprida-y-roque-perez-siguen-en-aislamiento","status":"publish","type":"post","link":"https:\/\/cdnoticias.com\/index.php\/2020\/11\/07\/pandemia-tandil-laprida-y-roque-perez-siguen-en-aislamiento\/","title":{"rendered":"Pandemia: Tandil, Laprida y Roque P\u00e9rez siguen en aislamiento"},"content":{"rendered":"<p class=\"western\">Lo mismo sucede con Mar del Plata y Bah\u00eda Blanca: en todos se estableci\u00f3 la circulaci\u00f3n comunitaria del virus. Quedaron por fuera del distanciamiento social en el que entr\u00f3 el resto de la Provincia. Qu\u00e9 dice el decreto nacional 875\/20.<!--more--><\/p>\n<hr \/>\n<p class=\"western\"><strong>En el centro bonaerense, los distritos del Tandil, Laprida y Roque P\u00e9rez se mantienen en el Aislamiento Social Preventivo y Obligatorio (ASPO)<\/strong>.<\/p>\n<p class=\"western\">Dada la categor\u00eda de <strong>circulaci\u00f3n comunitaria del virus<\/strong> en dichos municipios, al igual que en<strong> Mar del Plata, Bah\u00eda Blanca, San Nicol\u00e1s, San Cayetano, Balcarce, Castelli y Pila<\/strong>, no pudieron ingresar al sistema Distanciamiento Social Preventivo y Obligatorio (DISPO).<\/p>\n<p class=\"western\">En este sentido, <strong>el DISPO se fij\u00f3 del 9 al 29 de noviembre<\/strong> para \u201ctodas las personas que residan o transiten en los aglomerados urbanos y en los partidos y departamentos de las provincias argentinas que no posean transmisi\u00f3n comunitaria sostenida del virus\u201d. En el mismo plazo, <strong>se estableci\u00f3 la continuidad del ASPO para \u201clas personas que residan en los aglomerados urbanos y en los Departamentos y Partidos de las provincias argentinas que posean transmisi\u00f3n comunitaria sostenida del virus SARS-CoV-2\u201d<\/strong>.<\/p>\n<blockquote>\n<p class=\"western\">De esta manera, el decreto presidencial ubic\u00f3 a \u201cGeneral Pueyrred\u00f3n, Bah\u00eda Blanca, San Nicol\u00e1s, Laprida, Pila, San Cayetano, Balcarce, Castelli, Roque P\u00e9rez y Tandil\u201d en ASPO junto con aglomerados en otras 9 provincias que \u201cpresentan transmisi\u00f3n comunitaria sostenida del virus, o aumento brusco del n\u00famero de casos de COVID-19, o tensi\u00f3n en el sistema de salud, por lo cual requieren de un especial abordaje para controlar el crecimiento del n\u00famero de casos\u201d.<\/p>\n<\/blockquote>\n<p class=\"western\"><strong>Decreto de necesidad y urgencia<\/strong><\/p>\n<p class=\"western\">Las definiciones se conocieron este s\u00e1bado a trav\u00e9s del <strong>decreto 875\/20<\/strong> que firm\u00f3 el presidente Alberto Fern\u00e1ndez y todo su gabinete de ministros, tras los anuncios del viernes. All\u00ed se aclara que \u201ccon el fin de no interrumpir el suministro de productos y servicios esenciales y tambi\u00e9n para incorporar gradualmente la realizaci\u00f3n de diversas actividades econ\u00f3micas y sociales en los lugares donde la evoluci\u00f3n de la situaci\u00f3n epidemiol\u00f3gica lo permitiera, <strong>se establecieron excepciones al \u201cASPO\u201d<\/strong> y a la prohibici\u00f3n de circular para las personas afectadas a diferentes actividades y servicios. Adem\u00e1s, se estableci\u00f3 el \u201cdistanciamiento social, preventivo y obligatorio\u201d\u201d.<\/p>\n<p class=\"western\">Tras hacer hincapi\u00e9 en la ca\u00edda de casos en la capital (CABA), se indica que \u201cen la Provincia de Buenos Aires, se observa una disminuci\u00f3n marcada de casos en el \u00e1rea metropolitana de la provincia, con estabilidad de aumento de casos en el resto de la provincia\u201d. Y, luego de exponer distintos aspectos de cada provincia, el decreto concluye en que \u201csiguen conviviendo a\u00fan distintas realidades que deben ser abordadas de forma diferente, en materia epidemiol\u00f3gica, en nuestro pa\u00eds\u201d.<\/p>\n<blockquote>\n<p class=\"western\">Para ello se considera \u201cimprescindible realizar una diferenciaci\u00f3n entre las zonas donde se observa transmisi\u00f3n comunitaria extendida del virus, zonas con conglomerados y casos espor\u00e1dicos sin nexo, y las que presentan brotes o conglomerados peque\u00f1os controlados\u201d.<\/p>\n<\/blockquote>\n<p class=\"western\"><strong>Situaci\u00f3n sanitaria<\/strong><\/p>\n<p class=\"western\">El decreto argumenta las decisiones en la situaci\u00f3n sanitaria. Se expone tanto la tasa de incidencia y la mortalidad causada por el virus, como el estado de ocupaci\u00f3n del sistema sanitario.<\/p>\n<p class=\"western\">A nivel pa\u00eds,<strong> la tasa de incidencia acumulada es de 2.658 casos cada 100.000 habitantes. La cifra muestra una reducci\u00f3n de 25% en las \u00faltimas 2 semanas<\/strong>. En tanto, <strong>la tasa de letalidad es de 2,7%<\/strong> y se encuentra estable. La <strong>tasa de mortalidad es de 717 fallecimientos por mill\u00f3n de habitantes<\/strong>, lo que indica un aumento en las \u00faltimas semanas.<\/p>\n<p class=\"western\">Se toma en cuenta que hay \u201cdiversidad\u201d de situaciones en las distintas jurisdicciones del pa\u00eds. \u201cEn los \u00faltimos 14 d\u00edas, (se registra) un aumento importante en lugares distintos al AMBA\u201d y, con ello, <strong>\u201ccontin\u00faa aumentando el n\u00famero de departamentos con transmisi\u00f3n comunitaria\u201d<\/strong>. En este sentido, se detall\u00f3 que al 28 de agosto hab\u00eda 57,8% de la poblaci\u00f3n en estas zonas de transmisi\u00f3n comunitaria y para el 5 de noviembre hab\u00eda aumentado a 69,6%.<\/p>\n<p class=\"western\">Se toma en cuenta que \u201cel comportamiento de la epidemia en el pa\u00eds actualmente se focaliza principalmente en el aumento de casos en el interior del pa\u00eds\u201d y se\u00f1ala especialmente la situaci\u00f3n cr\u00edtica de ocupaci\u00f3n de camas en Neuqu\u00e9n (96% de ocupaci\u00f3n), R\u00edo Negro (88% de ocupaci\u00f3n) y Santa Fe (82% de ocupaci\u00f3n). M\u00e1s adelante, tambi\u00e9n se mencionan sectores de Mendoza, C\u00f3rdoba, Tierra del Fuego, Santa Cruz, Salta, Santiago del Estero, La Rioja, Tucum\u00e1n, San Juan y Chubut.<\/p>\n","protected":false},"excerpt":{"rendered":"<p>Lo mismo sucede con Mar del Plata y Bah\u00eda Blanca: en todos se estableci\u00f3 la circulaci\u00f3n comunitaria del virus. Quedaron<\/p>\n","protected":false},"author":4,"featured_media":5907,"comment_status":"closed","ping_status":"closed","sticky":false,"template":"","format":"standard","meta":{"_jetpack_memberships_contains_paid_content":false,"footnotes":""},"categories":[6,1],"tags":[],"class_list":["post-5906","post","type-post","status-publish","format-standard","has-post-thumbnail","hentry","category-nacionales","category-portada"],"jetpack_featured_media_url":"https:\/\/i0.wp.com\/cdnoticias.com\/wp-content\/uploads\/2020\/11\/mapa-ASPO-covid.jpg?fit=928%2C514&ssl=1","jetpack_sharing_enabled":true,"_links":{"self":[{"href":"https:\/\/cdnoticias.com\/index.php\/wp-json\/wp\/v2\/posts\/5906","targetHints":{"allow":["GET"]}}],"collection":[{"href":"https:\/\/cdnoticias.com\/index.php\/wp-json\/wp\/v2\/posts"}],"about":[{"href":"https:\/\/cdnoticias.com\/index.php\/wp-json\/wp\/v2\/types\/post"}],"author":[{"embeddable":true,"href":"https:\/\/cdnoticias.com\/index.php\/wp-json\/wp\/v2\/users\/4"}],"replies":[{"embeddable":true,"href":"https:\/\/cdnoticias.com\/index.php\/wp-json\/wp\/v2\/comments?post=5906"}],"version-history":[{"count":0,"href":"https:\/\/cdnoticias.com\/index.php\/wp-json\/wp\/v2\/posts\/5906\/revisions"}],"wp:featuredmedia":[{"embeddable":true,"href":"https:\/\/cdnoticias.com\/index.php\/wp-json\/wp\/v2\/media\/5907"}],"wp:attachment":[{"href":"https:\/\/cdnoticias.com\/index.php\/wp-json\/wp\/v2\/media?parent=5906"}],"wp:term":[{"taxonomy":"category","embeddable":true,"href":"https:\/\/cdnoticias.com\/index.php\/wp-json\/wp\/v2\/categories?post=5906"},{"taxonomy":"post_tag","embeddable":true,"href":"https:\/\/cdnoticias.com\/index.php\/wp-json\/wp\/v2\/tags?post=5906"}],"curies":[{"name":"wp","href":"https:\/\/api.w.org\/{rel}","templated":true}]}}