{"id":59054,"date":"2022-07-03T11:29:41","date_gmt":"2022-07-03T14:29:41","guid":{"rendered":"https:\/\/www.centraldenoticias.com.ar\/?p=59054"},"modified":"2022-07-03T14:53:42","modified_gmt":"2022-07-03T17:53:42","slug":"lesa-humanidad-en-el-centro-bonaerense-con-tres-testimonios-siguio-el-juicio-la-huerta","status":"publish","type":"post","link":"https:\/\/cdnoticias.com\/index.php\/2022\/07\/03\/lesa-humanidad-en-el-centro-bonaerense-con-tres-testimonios-siguio-el-juicio-la-huerta\/","title":{"rendered":"Lesa humanidad en el centro bonaerense: con tres testimonios sigui\u00f3 el juicio \u201cLa Huerta\u201d"},"content":{"rendered":"<p>Declar\u00f3 Miriam Iglesias: \u201cpara que las nuevas generaciones sepan, y por los 30mil que no est\u00e1n\u201d.<!--more--><\/p>\n<hr \/>\n<p><em>Por Soledad Restivo para Agencia Comunica<\/em><\/p>\n<p>&nbsp;<\/p>\n<p><strong>El pasado viernes 24 de junio se realiz\u00f3 la d\u00e9cima audiencia del Juicio por los delitos de lesa humanidad cometidos durante la \u00faltima dictadura &#8211; c\u00edvico militar eclesial &#8211; en la regi\u00f3n centro de la provincia de Buenos Aires<\/strong>. Durante la jornada se pudieron escuchar tres nuevos testimonios.<\/p>\n<p>&nbsp;<\/p>\n<p><strong>El testimonio central fue de la historiadora, investigadora y docente de la facultad de ciencias Humanas de la UNICEN, Miriam Iglesias<\/strong>. Relat\u00f3 las circunstancias en las que fue detenida el 20 de diciembre de 1976 cuando estudiaba para un parcial en la casa de su amiga Estela Spinelli, ambas cursaban segundo a\u00f1o de la carrera de historia en la Universidad del Centro. <strong>Permaneci\u00f3 detenida-desaparecida durante varios d\u00edas, sometida a interrogatorios y torturas hasta que fue liberada a pocas cuadras de su domicilio<\/strong>. Le preguntaron por sus estudios, militancia y las reuniones que manten\u00eda con sus amistades.<\/p>\n<p>&nbsp;<\/p>\n<p><img data-recalc-dims=\"1\" loading=\"lazy\" decoding=\"async\" class=\"size-full wp-image-53904 aligncenter\" src=\"https:\/\/i0.wp.com\/cdnoticias.com\/wp-content\/uploads\/2022\/05\/juicio-lesa-humanidad-tandil-1.jpeg?resize=720%2C539&#038;ssl=1\" alt=\"\" width=\"720\" height=\"539\" srcset=\"https:\/\/i0.wp.com\/cdnoticias.com\/wp-content\/uploads\/2022\/05\/juicio-lesa-humanidad-tandil-1.jpeg?w=720&amp;ssl=1 720w, https:\/\/i0.wp.com\/cdnoticias.com\/wp-content\/uploads\/2022\/05\/juicio-lesa-humanidad-tandil-1.jpeg?resize=300%2C225&amp;ssl=1 300w\" sizes=\"auto, (max-width: 720px) 100vw, 720px\" \/><\/p>\n<p>&nbsp;<\/p>\n<p>Miriam es militante social y pol\u00edtica, desde los 15 a\u00f1os forma parte del Partido Justicialista. Por la clase de preguntas que le hicieron, con datos de su vida privada,<strong> se dio cuenta que la hab\u00edan seguido durante meses antes de la detenci\u00f3n<\/strong>.<\/p>\n<p>&nbsp;<\/p>\n<blockquote><p>Para proteger a sus compa\u00f1eros y compa\u00f1eras tom\u00f3 la estrategia de \u201chablar y decir poco\u201d. Miriam asegur\u00f3 que hoy se siente orgullosa de c\u00f3mo se \u201cmanejo\u201d en esa situaci\u00f3n extrema. El \u00faltimo, ante la posibilidad de nuevas torturas e interrogaciones, les dijo: \u201cno tengo nada m\u00e1s para decir, si tiene que dar una orden, diga que me maten, como peronista\u201d. Esa noche la liberaron.<\/p><\/blockquote>\n<p>&nbsp;<\/p>\n<p>Cuando lleg\u00f3 a su hogar, su familia la estaba esperando. La hab\u00edan buscado junto a sus compa\u00f1eros de la Facultad, hicieron averiguaciones, consultaron sacerdotes y empresarios, consiguieron el dato: llegar\u00eda a casa. <strong>Sus padres prometieron el silencio, y ella lo guard\u00f3.<\/strong><\/p>\n<p>&nbsp;<\/p>\n<p>Con el acompa\u00f1amiento de Petra Marzocca y Mar\u00eda del Carmen Silva, <strong>muchos a\u00f1os despu\u00e9s pudo realizar la denuncia<\/strong> frente al Juez Federal Comparato, en Azul. Miriam celebr\u00f3 la realizaci\u00f3n de este juicio, tard\u00edo, en el que finalmente pudo hablar <strong>\u201cpara que las nuevas generaciones sepan, y por los 30mil que no est\u00e1n\u201d<\/strong>. Unos treinta pibes y pibas, estudiantes de 6to a\u00f1o de secundaria pudieron vivenciar la audiencia retrasmitida en el Aula Magna de la Unicen.<\/p>\n<p>&nbsp;<\/p>\n<p>Miriam estuvo presente en la <strong><a href=\"https:\/\/cdnoticias.com\/index.php\/2022\/05\/05\/crimenes-de-lesa-humanidad-se-realizo-la-inspeccion-ocular-en-el-ccd-la-huerta\/\" target=\"_blank\" rel=\"noopener\">inspecci\u00f3n ocular<\/a>, que se realiz\u00f3 el pasado 5 de mayo, en el CCDyE \u201cLa Huerta\u201d<\/strong>. Durante su cautiverio pudo identificar que las paredes del lugar eran \u201cplanchones\u201d, similares al material constructivo de la casa en la \u201cLa Huerta\u201d. Sin embargo, no puede asegurar que ese sea el lugar de su cautiverio, y eso se ha convertido en un \u201cvac\u00edo\u201d para ella.<\/p>\n<p>&nbsp;<\/p>\n<p><img data-recalc-dims=\"1\" loading=\"lazy\" decoding=\"async\" class=\"size-full wp-image-47377 alignnone\" src=\"https:\/\/i0.wp.com\/cdnoticias.com\/wp-content\/uploads\/2022\/02\/CCD-La-Huerta-e1645727114391.jpg?resize=800%2C422&#038;ssl=1\" alt=\"\" width=\"800\" height=\"422\" srcset=\"https:\/\/i0.wp.com\/cdnoticias.com\/wp-content\/uploads\/2022\/02\/CCD-La-Huerta-e1645727114391.jpg?w=952&amp;ssl=1 952w, https:\/\/i0.wp.com\/cdnoticias.com\/wp-content\/uploads\/2022\/02\/CCD-La-Huerta-e1645727114391.jpg?resize=300%2C158&amp;ssl=1 300w, https:\/\/i0.wp.com\/cdnoticias.com\/wp-content\/uploads\/2022\/02\/CCD-La-Huerta-e1645727114391.jpg?resize=768%2C405&amp;ssl=1 768w, https:\/\/i0.wp.com\/cdnoticias.com\/wp-content\/uploads\/2022\/02\/CCD-La-Huerta-e1645727114391.jpg?resize=390%2C205&amp;ssl=1 390w\" sizes=\"auto, (max-width: 800px) 100vw, 800px\" \/><\/p>\n<p>&nbsp;<\/p>\n<p><strong>Las pr\u00f3ximas audiencias est\u00e1n previstas para el 8 y 15 de julio<\/strong>. Este primer tramo, antes de la feria judicial de invierno, contar\u00e1 12 jornadas de debate y al menos 30 testimonios contundentes que describen claramente como funcion\u00f3 el circuito del horror desplegado por el terrorismo de estado en nuestras ciudades.<\/p>\n<p>&nbsp;<\/p>\n<p>Las declaraciones desnudan las <strong>complicidades civiles, empresariales, eclesi\u00e1sticas<\/strong>. Queda claro tambi\u00e9n los objetivos econ\u00f3micos y sociales del plan represivo sistem\u00e1tico. Trabajadores, estudiantes, militantes, gremialistas, reprimir el reclamo, acallar ideales, imponer silencio, demonizar la pol\u00edtica.<\/p>\n<p>&nbsp;<\/p>\n<p><a href=\"https:\/\/cdnoticias.com\/index.php\/2022\/05\/21\/juicio-la-huerta-diezmaron-familias-enteras-con-la-complicidad-de-los-sectores-de-poder\/\" target=\"_blank\" rel=\"noopener\">Los relatos de familiares, hijos e hijas de las v\u00edctimas, se\u00f1alan las marcas, las heridas, hasta donde y cuando se extiende el da\u00f1o causado<\/a>.\u00a0 Pero tambi\u00e9n hemos escuchado el <strong>aspecto reparador que yace en la posibilidad de ser escuchados, el pedido de justicia, por la memoria y para construir una verdad que nos impida repetir la nefasta historia<\/strong>.<\/p>\n","protected":false},"excerpt":{"rendered":"<p>Declar\u00f3 Miriam Iglesias: \u201cpara que las nuevas generaciones sepan, y por los 30mil que no est\u00e1n\u201d.<\/p>\n","protected":false},"author":4,"featured_media":59053,"comment_status":"closed","ping_status":"closed","sticky":false,"template":"","format":"standard","meta":{"_jetpack_memberships_contains_paid_content":false,"footnotes":""},"categories":[14,1],"tags":[],"class_list":["post-59054","post","type-post","status-publish","format-standard","has-post-thumbnail","hentry","category-policiales","category-portada"],"jetpack_featured_media_url":"https:\/\/i0.wp.com\/cdnoticias.com\/wp-content\/uploads\/2022\/07\/Juicio-la-huerta.jpg?fit=1280%2C690&ssl=1","jetpack_sharing_enabled":true,"_links":{"self":[{"href":"https:\/\/cdnoticias.com\/index.php\/wp-json\/wp\/v2\/posts\/59054","targetHints":{"allow":["GET"]}}],"collection":[{"href":"https:\/\/cdnoticias.com\/index.php\/wp-json\/wp\/v2\/posts"}],"about":[{"href":"https:\/\/cdnoticias.com\/index.php\/wp-json\/wp\/v2\/types\/post"}],"author":[{"embeddable":true,"href":"https:\/\/cdnoticias.com\/index.php\/wp-json\/wp\/v2\/users\/4"}],"replies":[{"embeddable":true,"href":"https:\/\/cdnoticias.com\/index.php\/wp-json\/wp\/v2\/comments?post=59054"}],"version-history":[{"count":0,"href":"https:\/\/cdnoticias.com\/index.php\/wp-json\/wp\/v2\/posts\/59054\/revisions"}],"wp:featuredmedia":[{"embeddable":true,"href":"https:\/\/cdnoticias.com\/index.php\/wp-json\/wp\/v2\/media\/59053"}],"wp:attachment":[{"href":"https:\/\/cdnoticias.com\/index.php\/wp-json\/wp\/v2\/media?parent=59054"}],"wp:term":[{"taxonomy":"category","embeddable":true,"href":"https:\/\/cdnoticias.com\/index.php\/wp-json\/wp\/v2\/categories?post=59054"},{"taxonomy":"post_tag","embeddable":true,"href":"https:\/\/cdnoticias.com\/index.php\/wp-json\/wp\/v2\/tags?post=59054"}],"curies":[{"name":"wp","href":"https:\/\/api.w.org\/{rel}","templated":true}]}}