{"id":5898,"date":"2020-11-07T16:32:40","date_gmt":"2020-11-07T19:32:40","guid":{"rendered":"http:\/\/www.centraldenoticias.com.ar\/?p=5898"},"modified":"2020-11-07T16:32:40","modified_gmt":"2020-11-07T19:32:40","slug":"se-vendio-la-filial-argentina-de-la-cadena-walmart","status":"publish","type":"post","link":"https:\/\/cdnoticias.com\/index.php\/2020\/11\/07\/se-vendio-la-filial-argentina-de-la-cadena-walmart\/","title":{"rendered":"Se vendi\u00f3 la filial argentina de la cadena Walmart"},"content":{"rendered":"<p>Una de las plantas est\u00e1 en Olavarr\u00eda. Lo compr\u00f3 el Grupo De Narv\u00e1ez. Afirman que seguir\u00e1n siendo uno de los principales empleadores del pa\u00eds. En un principio, mantendr\u00e1n el nombre.<!--more--><\/p>\n<hr \/>\n<p><strong>El Grupo De Narv\u00e1ez (GDN) adquiri\u00f3 la totalidad del negocio de la cadena de supermercados Walmart en la Argentina<\/strong>, anunci\u00f3 la firma compradora en un comunicado, donde aclar\u00f3 que, luego de un per\u00edodo de transici\u00f3n, habr\u00e1 cambio de nombre.<\/p>\n<p>\u201cLos nuevos propietarios, que cuentan con operaciones minoristas en la Argentina, Ecuador y Uruguay, aportar\u00e1n una s\u00f3lida experiencia local que impulsar\u00e1 el crecimiento de la empresa\u201d, afirm\u00f3 el Grupo De Narv\u00e1ez, que tiene como principal cara visible al empresario Francisco de Narv\u00e1ez.<\/p>\n<p>Subray\u00f3 que \u201ceste acuerdo marca un nuevo y emocionante cap\u00edtulo en los 25 a\u00f1os de historia de la empresa\u201d. Asegur\u00f3 que \u201cWalmart seguir\u00e1 apoyando a la empresa y a sus nuevos propietarios a trav\u00e9s de servicios de transici\u00f3n y acuerdos de abastecimiento\u201d.<\/p>\n<p>\u201cNo obstante, Walmart no retendr\u00e1 una participaci\u00f3n accionaria\u201d, aclar\u00f3 el Grupo, tras lo cual subray\u00f3 que \u201c<strong>bajo la direcci\u00f3n de Fernando Minaudo, director ejecutivo de GDN, los nuevos propietarios continuar\u00e1n impulsando el crecimiento a largo plazo de la empresa<\/strong> en el din\u00e1mico entorno minorista de la Argentina\u201d.<\/p>\n<p>Adem\u00e1s, indic\u00f3 que \u201cla empresa seguir\u00e1 siendo uno de los empleadores m\u00e1s grandes de Argentina y continuar\u00e1 trabajando en estrecha colaboraci\u00f3n con los proveedores para brindar el mejor valor a los clientes, manteniendo su compromiso de respaldar a los proveedores nacionales y a las peque\u00f1as empresas\u201d.<\/p>\n<p>Tambi\u00e9n, se\u00f1al\u00f3 que \u201c<strong>Dolores Fern\u00e1ndez Lobbe (actual gerente general) continuar\u00e1 apoyando a la empresa durante el per\u00edodo de transici\u00f3n<\/strong>, despu\u00e9s de lo cual pasar\u00e1 a desempe\u00f1ar un nuevo papel dentro de Walmart\u201d.<\/p>\n<p><strong>La empresa<\/strong><\/p>\n<p><strong>Walmart Argentina inici\u00f3 sus operaciones en 1995<\/strong>, con el lanzamiento de su primer establecimiento en Avellaneda. <strong>Hoy cuenta con m\u00e1s de 92 establecimientos, uno en Olavarr\u00eda que inici\u00f3 actividades a fines de 2009 y abri\u00f3 al p\u00fablico a principios de 2010 en la misma sede donde mantiene actualmente la actividad<\/strong>.<\/p>\n<p>La firma tiene <strong>10.000 trabajadores<\/strong> y opera bajo los nombres Changomas, Mi Changomas, Supercentro Walmart y Punto Mayorista. Luego de la transici\u00f3n, los establecimientos Changomas, Mi Changomas y Punto Mayorista continuar\u00e1n atendiendo a los clientes en la Argentina.<\/p>\n<p>Asimismo, cuenta con un centro de distribuci\u00f3n propio, ubicado en la localidad de Moreno, y tres centros productivos de panificados, carnes y feteados.<\/p>\n<p><strong>Los supercentros Walmart cambiar\u00e1n de nombre despu\u00e9s del per\u00edodo de transici\u00f3n.<\/strong> En el mercado especulan que el nombre que adoptar\u00e1 tras el per\u00edodo de transici\u00f3n podr\u00eda ser Ta-Ta, con lo que ampliar\u00edan a ambas orillas del R\u00edo de La Plata la cadena de supermercados que el Grupo De Narv\u00e1ez tiene en Uruguay.<\/p>\n<p>Desde la empresa compradora no dieron informaci\u00f3n respecto a este \u00faltimo punto, as\u00ed como sobre el monto de la operaci\u00f3n. \u201cEstamos muy orgullosos y entusiasmados con esta nueva inversi\u00f3n. Compartimos los mismos valores: una filosof\u00eda centrada en el cliente, en la excelencia operativa, adem\u00e1s del compromiso que hemos asumido con las comunidades en las que operamos\u201d, indic\u00f3 Minaudo.<\/p>\n<p>Destac\u00f3 que \u201ctanto el desempe\u00f1o de la empresa como la dedicaci\u00f3n de sus incre\u00edbles trabajadores durante la pandemia de la Covid-19 demostraron la fortaleza y resistencia fundamentales del negocio, y nos complace en gran medida apoyar al equipo, impulsar el crecimiento a largo plazo y crear nuevas oportunidades para empleados y proveedores en la Argentina\u201d.<\/p>\n<p><strong>Cambio de rumbo<\/strong><\/p>\n<p><strong>A principios del corriente a\u00f1o, la cadena Walmart hab\u00eda comenzado a explorar nuevas alianzas para potenciar su negocio en Argentina pero el proceso qued\u00f3 suspendido en abril debido a la situaci\u00f3n de emergencia por el coronavirus.<\/strong><\/p>\n<p>En ese momento, desde la empresa informaron que \u201c<strong>la decisi\u00f3n no tiene que ver con Argentina<\/strong>. De hecho, el mismo proceso (igualmente en suspenso) tuvo lugar en Reino Unido, por lo que no guarda relaci\u00f3n con el pa\u00eds, sino con una necesidad de potenciar el negocio en un momento donde el retail est\u00e1 en pleno proceso de transformaci\u00f3n\u201d.<\/p>\n<p>En octubre, se retomaron las negociaciones y Grupo De Narv\u00e1ez, que controla en Uruguay las cadenas Ta-Ta, Multiahorro y BAS, consigui\u00f3 adquirir el negocio de la cadena en Argentina, en el que estaban interesados tambi\u00e9n la compa\u00f1\u00eda Inverlat (due\u00f1a de Havanna), el Grupo Andreani y Alfredo Coto.<\/p>\n<p>El grupo encabezado por el ex diputado Francisco de Narv\u00e1ez fue fundador en Argentina de Casa T\u00eda, un supermercado que lleg\u00f3 a tener 61 sucursales en todo el pa\u00eds y que en 1999 fue adquirido por el Grupo Exxel, un fondo de adquisici\u00f3n conformado por inversionistas estadounidenses, y Promod\u00e9s, la segunda mayor cadena minorista de Francia (antes de fusionar con Carrefour), por US$ 630 millones.<\/p>\n<p>Fuente: DIB<\/p>\n","protected":false},"excerpt":{"rendered":"<p>Una de las plantas est\u00e1 en Olavarr\u00eda. Lo compr\u00f3 el Grupo De Narv\u00e1ez. Afirman que seguir\u00e1n siendo uno de los<\/p>\n","protected":false},"author":4,"featured_media":5899,"comment_status":"closed","ping_status":"closed","sticky":false,"template":"","format":"standard","meta":{"_jetpack_memberships_contains_paid_content":false,"footnotes":""},"categories":[6,1],"tags":[],"class_list":["post-5898","post","type-post","status-publish","format-standard","has-post-thumbnail","hentry","category-nacionales","category-portada"],"jetpack_featured_media_url":"https:\/\/i0.wp.com\/cdnoticias.com\/wp-content\/uploads\/2020\/11\/Walmart01.jpg?fit=696%2C387&ssl=1","jetpack_sharing_enabled":true,"_links":{"self":[{"href":"https:\/\/cdnoticias.com\/index.php\/wp-json\/wp\/v2\/posts\/5898","targetHints":{"allow":["GET"]}}],"collection":[{"href":"https:\/\/cdnoticias.com\/index.php\/wp-json\/wp\/v2\/posts"}],"about":[{"href":"https:\/\/cdnoticias.com\/index.php\/wp-json\/wp\/v2\/types\/post"}],"author":[{"embeddable":true,"href":"https:\/\/cdnoticias.com\/index.php\/wp-json\/wp\/v2\/users\/4"}],"replies":[{"embeddable":true,"href":"https:\/\/cdnoticias.com\/index.php\/wp-json\/wp\/v2\/comments?post=5898"}],"version-history":[{"count":0,"href":"https:\/\/cdnoticias.com\/index.php\/wp-json\/wp\/v2\/posts\/5898\/revisions"}],"wp:featuredmedia":[{"embeddable":true,"href":"https:\/\/cdnoticias.com\/index.php\/wp-json\/wp\/v2\/media\/5899"}],"wp:attachment":[{"href":"https:\/\/cdnoticias.com\/index.php\/wp-json\/wp\/v2\/media?parent=5898"}],"wp:term":[{"taxonomy":"category","embeddable":true,"href":"https:\/\/cdnoticias.com\/index.php\/wp-json\/wp\/v2\/categories?post=5898"},{"taxonomy":"post_tag","embeddable":true,"href":"https:\/\/cdnoticias.com\/index.php\/wp-json\/wp\/v2\/tags?post=5898"}],"curies":[{"name":"wp","href":"https:\/\/api.w.org\/{rel}","templated":true}]}}