{"id":58972,"date":"2022-07-02T11:00:54","date_gmt":"2022-07-02T14:00:54","guid":{"rendered":"https:\/\/www.centraldenoticias.com.ar\/?p=58972"},"modified":"2022-07-02T11:04:50","modified_gmt":"2022-07-02T14:04:50","slug":"murio-el-represor-miguel-etchecolatz-condenado-en-multiples-causas-por-delitos-de-lesa-humanidad","status":"publish","type":"post","link":"https:\/\/cdnoticias.com\/index.php\/2022\/07\/02\/murio-el-represor-miguel-etchecolatz-condenado-en-multiples-causas-por-delitos-de-lesa-humanidad\/","title":{"rendered":"Muri\u00f3 el represor Miguel Etchecolatz, condenado en m\u00faltiples causas por delitos de lesa humanidad"},"content":{"rendered":"<p>Falleci\u00f3 este s\u00e1bado en la Cl\u00ednica Sarmiento de la localidad bonaerense de San Miguel, donde se encontraba internado con custodia policial.<!--more--><\/p>\n<hr \/>\n<p>&nbsp;<\/p>\n<p>El <strong>genocida Miguel Osvaldo Etchecolatz,<\/strong> exjefe de la Polic\u00eda Bonaerense <strong>condenado por delitos de lesa humanidad en la \u00faltima dictadura militar<\/strong>, <strong>muri\u00f3 este s\u00e1bado 2 de julio a los 93 a\u00f1os<\/strong>.<\/p>\n<p>&nbsp;<\/p>\n<p>La informaci\u00f3n fue confirmada por el Tribunal Oral Federal n\u00famero 5 a <strong>Guadalupe Godoy, una de las abogadas que lider\u00f3 la querella contra el genocida en la causa por la desaparici\u00f3n de Jorge Julio L\u00f3pez.<\/strong><\/p>\n<p>&nbsp;<\/p>\n<p><strong>\u201cFalleci\u00f3 Etchecolatz. En c\u00e1rcel com\u00fan y sin decir ad\u00f3nde est\u00e1n\u201d,<\/strong> public\u00f3 Godoy en su cuenta de la red social Twitter.<\/p>\n<p>&nbsp;<\/p>\n<p><strong>Etchecolatz muri\u00f3 a las 5:30 de este s\u00e1bado<\/strong> en la Cl\u00ednica Sarmiento de la localidad bonaerense de San Miguel, donde se encontraba <strong>internado con custodia policial.<\/strong><\/p>\n<p>&nbsp;<\/p>\n<p>El exjefe de la Polic\u00eda Bonaerense padec\u00eda deterioro cognitivo, insuficiencia card\u00edaca, insuficiencia venosa y otras complicaciones a ra\u00edz de un ACV isqu\u00e9mico, por lo que hab\u00edan dictado su <strong>prisi\u00f3n domiciliaria, que nunca lleg\u00f3 a cumplirse.\u00a0<\/strong><\/p>\n<p>&nbsp;<\/p>\n<p>Ten\u00eda <strong>m\u00faltiples condenas a prisi\u00f3n perpetua por delitos de lesa humanidad<\/strong> mediante sentencias dictadas en los a\u00f1os 1986, 2004, 2006, 2014, 2016, 2018, 2020 y 2021 que fueron unificadas en una pena \u00fanica de reclusi\u00f3n.<\/p>\n<p>&nbsp;<\/p>\n<p>Su nombre qued\u00f3 asociado tambi\u00e9n con la<strong> desaparici\u00f3n de Jorge Julio L\u00f3pez, en plena democracia<\/strong>, luego que la declaraci\u00f3n judicial del alba\u00f1il en 2006 como testigo fuera determinante en una causa en contra del expolic\u00eda, y por la cual fue condenado a reclusi\u00f3n perpetua.<\/p>\n<p>&nbsp;<\/p>\n<p><strong>Domiciliaria<\/strong><\/p>\n<p>A principios de junio <strong>Etchecolatz hab\u00eda sido beneficiado con la prisi\u00f3n domiciliaria por diversos problemas de salud,<\/strong> pero termin\u00f3 falleciendo en una c\u00e1rcel com\u00fan.<\/p>\n<p>&nbsp;<\/p>\n<p>Los jueces Carlos Mahiques, Guillermo Yacobucci y \u00c1ngela Ledesma firmaron esa petici\u00f3n para Etchecolatz bas\u00e1ndose en los problemas de salud del ex polic\u00eda, tras un informe del Cuerpo M\u00e9dico Forense (CMF).<\/p>\n<p>&nbsp;<\/p>\n<p>La C\u00e1mara Federal de Casaci\u00f3n Penal concedi\u00f3 en ese momento al menos tres prisiones domiciliarias a represores condenados por delitos de lesa humanidad cometidos durante la \u00faltima dictadura militar, entre los que se encuentra Etchecolatz, quien ten\u00eda varias sentencias a cadena perpetua. Para concederle el arresto domiciliario al represor, los jueces consideraron que ten\u00eda 93 a\u00f1os y que, como plante\u00f3 su defensa, su salud sufri\u00f3 un deterioro por la supuesta falta de recursos del Servicio Penitenciario Federal para poder asistirlo debidamente.<\/p>\n<p>&nbsp;<\/p>\n<p>\u201cTiene antecedentes de HTA, ACV isqu\u00e9mico, Ex TBQ, deterioro cognitivo, insuficiencia card\u00edaca, insuficiencia venosa, HPB, diverticulosiscol\u00f3nica\u201d, explicaron en su fallo. Y advirtieron: \u201cRequiere de un cuidador de adultos mayores las 24 horas del d\u00eda, para poder realizar cualquier actividad de la vida diaria y ello no puede ser garantizado por ninguna unidad dentro del Servicio Penitenciario Federal\u201d.<\/p>\n<p>&nbsp;<\/p>\n<p><strong>\u201cPlan de venganza\u201d<\/strong><\/p>\n<p>En 2020, <strong>Etchecolatz hab\u00eda asegurado ser v\u00edctima de un \u201cplan sistem\u00e1tico de venganza\u201d<\/strong>, al hacer uso de sus \u00faltimas palabras en el marco del juicio que se le sigue por delitos de lesa humanidad cometidos durante la \u00faltima dictadura militar en la Brigada de San Justo.<\/p>\n<p>&nbsp;<\/p>\n<p><strong>\u201cNo est\u00e1 sentado ante ustedes un delincuente, tengo orgullo de haber defendido la Patria\u201d<\/strong>, expres\u00f3 el 18 de noviembre de ese a\u00f1o al hablar ante el Tribunal Oral Federal 1 de La Plata.<\/p>\n<p>&nbsp;<\/p>\n<p><em>Fuente: DIB<\/em><\/p>\n<p>&nbsp;<\/p>\n<p>&nbsp;<\/p>\n<p>&nbsp;<\/p>\n<p>&nbsp;<\/p>\n","protected":false},"excerpt":{"rendered":"<p>Falleci\u00f3 este s\u00e1bado en la Cl\u00ednica Sarmiento de la localidad bonaerense de San Miguel, donde se encontraba internado con custodia<\/p>\n","protected":false},"author":6,"featured_media":58964,"comment_status":"closed","ping_status":"closed","sticky":false,"template":"","format":"standard","meta":{"_jetpack_memberships_contains_paid_content":false,"footnotes":""},"categories":[6,1],"tags":[],"class_list":["post-58972","post","type-post","status-publish","format-standard","has-post-thumbnail","hentry","category-nacionales","category-portada"],"jetpack_featured_media_url":"https:\/\/i0.wp.com\/cdnoticias.com\/wp-content\/uploads\/2022\/07\/etchecolatz.jpg?fit=1785%2C1255&ssl=1","jetpack_sharing_enabled":true,"_links":{"self":[{"href":"https:\/\/cdnoticias.com\/index.php\/wp-json\/wp\/v2\/posts\/58972","targetHints":{"allow":["GET"]}}],"collection":[{"href":"https:\/\/cdnoticias.com\/index.php\/wp-json\/wp\/v2\/posts"}],"about":[{"href":"https:\/\/cdnoticias.com\/index.php\/wp-json\/wp\/v2\/types\/post"}],"author":[{"embeddable":true,"href":"https:\/\/cdnoticias.com\/index.php\/wp-json\/wp\/v2\/users\/6"}],"replies":[{"embeddable":true,"href":"https:\/\/cdnoticias.com\/index.php\/wp-json\/wp\/v2\/comments?post=58972"}],"version-history":[{"count":0,"href":"https:\/\/cdnoticias.com\/index.php\/wp-json\/wp\/v2\/posts\/58972\/revisions"}],"wp:featuredmedia":[{"embeddable":true,"href":"https:\/\/cdnoticias.com\/index.php\/wp-json\/wp\/v2\/media\/58964"}],"wp:attachment":[{"href":"https:\/\/cdnoticias.com\/index.php\/wp-json\/wp\/v2\/media?parent=58972"}],"wp:term":[{"taxonomy":"category","embeddable":true,"href":"https:\/\/cdnoticias.com\/index.php\/wp-json\/wp\/v2\/categories?post=58972"},{"taxonomy":"post_tag","embeddable":true,"href":"https:\/\/cdnoticias.com\/index.php\/wp-json\/wp\/v2\/tags?post=58972"}],"curies":[{"name":"wp","href":"https:\/\/api.w.org\/{rel}","templated":true}]}}