{"id":58954,"date":"2022-07-02T10:00:02","date_gmt":"2022-07-02T13:00:02","guid":{"rendered":"https:\/\/www.centraldenoticias.com.ar\/?p=58954"},"modified":"2022-07-02T10:00:02","modified_gmt":"2022-07-02T13:00:02","slug":"discapacidad-y-mayores-municipal-recorrio-las-localidades-de-blanca-grande-recalde-y-mapis","status":"publish","type":"post","link":"https:\/\/cdnoticias.com\/index.php\/2022\/07\/02\/discapacidad-y-mayores-municipal-recorrio-las-localidades-de-blanca-grande-recalde-y-mapis\/","title":{"rendered":"Discapacidad y Mayores municipal recorri\u00f3 las localidades de Blanca Grande, Recalde y Mapis"},"content":{"rendered":"<p>El equipo procesar\u00e1 la informaci\u00f3n que relevaron y realizar\u00e1 un diagn\u00f3stico integral.<!--more--><\/p>\n<hr \/>\n<p>&nbsp;<\/p>\n<p>En la jornada del jueves, el equipo del <strong>Programa de Promoci\u00f3n de Derechos para Personas con Discapacidad y Personas Mayores,<\/strong> junto a su referente <strong>Romina Sponer<\/strong>, realizaron una recorrida por las localidades de <strong>Blanca Grande, Recalde y Mapis,<\/strong> para difundir sus recursos institucionales y servicios del \u00e1rea.<\/p>\n<p>&nbsp;<\/p>\n<p>Visitaron a numerosas familias, tanto personas mayores como con discapacidad, que viven solas o en compa\u00f1\u00eda, y asesoraron sobre la gesti\u00f3n de <strong>Certificados \u00danicos De Discapacidad<\/strong> y otros tr\u00e1mites vinculados a derechos b\u00e1sicos.<\/p>\n<p>&nbsp;<\/p>\n<p>La referente del Programa de Derechos, <strong>Romina Sponer,<\/strong> se\u00f1al\u00f3 que <em>\u201c<\/em>nos reunimos con el m\u00e9dico de la zona para conocer las realidades de la comunidad, y visitamos numerosos domicilios e instituciones para aproximarnos a las situaciones y<strong> asesorar sobre nuestros recursos, que tienen que ver con garantizar derechos\u201d.\u00a0<\/strong><\/p>\n<p>&nbsp;<\/p>\n<p>Sobre la recorrida a localidades relat\u00f3:\u00a0\u201cPrimero fuimos a Blanca Grande, donde nos reunimos en el CAPS (Centro de Atenci\u00f3n Primaria de la Salud). M\u00e1s tarde, nos trasladamos a Recalde, a su Delegaci\u00f3n municipal, e hicimos visitas domiciliarias, y finalmente fuimos a Mapis, a la instituci\u00f3n que nuclea la Escuela y el Jard\u00edn de Infantes. Hablamos con mam\u00e1s y con la directora de dichos establecimientos sobre el Programa y asesoramos sobre casos espec\u00edficos\u201d.<\/p>\n<p>&nbsp;<\/p>\n<p><img data-recalc-dims=\"1\" loading=\"lazy\" decoding=\"async\" class=\"aligncenter wp-image-58955 size-large\" src=\"https:\/\/i0.wp.com\/cdnoticias.com\/wp-content\/uploads\/2022\/07\/DH-Adultos-Mayores-Blanca-Grande-1.jpg?resize=800%2C533&#038;ssl=1\" alt=\"\" width=\"800\" height=\"533\" srcset=\"https:\/\/i0.wp.com\/cdnoticias.com\/wp-content\/uploads\/2022\/07\/DH-Adultos-Mayores-Blanca-Grande-1.jpg?resize=1024%2C682&amp;ssl=1 1024w, https:\/\/i0.wp.com\/cdnoticias.com\/wp-content\/uploads\/2022\/07\/DH-Adultos-Mayores-Blanca-Grande-1.jpg?resize=300%2C200&amp;ssl=1 300w, https:\/\/i0.wp.com\/cdnoticias.com\/wp-content\/uploads\/2022\/07\/DH-Adultos-Mayores-Blanca-Grande-1.jpg?resize=768%2C512&amp;ssl=1 768w, https:\/\/i0.wp.com\/cdnoticias.com\/wp-content\/uploads\/2022\/07\/DH-Adultos-Mayores-Blanca-Grande-1.jpg?resize=1536%2C1024&amp;ssl=1 1536w, https:\/\/i0.wp.com\/cdnoticias.com\/wp-content\/uploads\/2022\/07\/DH-Adultos-Mayores-Blanca-Grande-1.jpg?resize=272%2C182&amp;ssl=1 272w, https:\/\/i0.wp.com\/cdnoticias.com\/wp-content\/uploads\/2022\/07\/DH-Adultos-Mayores-Blanca-Grande-1.jpg?w=1772&amp;ssl=1 1772w, https:\/\/i0.wp.com\/cdnoticias.com\/wp-content\/uploads\/2022\/07\/DH-Adultos-Mayores-Blanca-Grande-1.jpg?w=1600&amp;ssl=1 1600w\" sizes=\"auto, (max-width: 800px) 100vw, 800px\" \/><\/p>\n<p>&nbsp;<\/p>\n<p>Como balance de la jornada, la referente sostuvo que\u00a0<strong>\u201cfue sumamente productivo poder acercar los recursos del Estado a aquellas zonas geogr\u00e1ficas que no poseen la accesibilidad para capitalizarlo,<\/strong> y se abren muchas puertas para articular situaciones con la delegada Claudia Rizzi, a quien agradecemos por el acompa\u00f1amiento y el compromiso\u201d.<\/p>\n<p>&nbsp;<\/p>\n<p>Luego de la recorrida, el equipo procesar\u00e1 la informaci\u00f3n que relevaron, y realizar\u00e1 un diagn\u00f3stico integral, que les permitir\u00e1 realizar los abordajes sociales y de promoci\u00f3n de derechos, y continuar el trabajo articulado con dichas localidades.<\/p>\n<p>&nbsp;<\/p>\n","protected":false},"excerpt":{"rendered":"<p>El equipo procesar\u00e1 la informaci\u00f3n que relevaron y realizar\u00e1 un diagn\u00f3stico integral.<\/p>\n","protected":false},"author":6,"featured_media":58956,"comment_status":"closed","ping_status":"closed","sticky":false,"template":"","format":"standard","meta":{"_jetpack_memberships_contains_paid_content":false,"footnotes":""},"categories":[5,1],"tags":[],"class_list":["post-58954","post","type-post","status-publish","format-standard","has-post-thumbnail","hentry","category-informacion-general","category-portada"],"jetpack_featured_media_url":"https:\/\/i0.wp.com\/cdnoticias.com\/wp-content\/uploads\/2022\/07\/DH-Adultos-Mayores-Blanca-Grande-3.jpg?fit=1772%2C1181&ssl=1","jetpack_sharing_enabled":true,"_links":{"self":[{"href":"https:\/\/cdnoticias.com\/index.php\/wp-json\/wp\/v2\/posts\/58954","targetHints":{"allow":["GET"]}}],"collection":[{"href":"https:\/\/cdnoticias.com\/index.php\/wp-json\/wp\/v2\/posts"}],"about":[{"href":"https:\/\/cdnoticias.com\/index.php\/wp-json\/wp\/v2\/types\/post"}],"author":[{"embeddable":true,"href":"https:\/\/cdnoticias.com\/index.php\/wp-json\/wp\/v2\/users\/6"}],"replies":[{"embeddable":true,"href":"https:\/\/cdnoticias.com\/index.php\/wp-json\/wp\/v2\/comments?post=58954"}],"version-history":[{"count":0,"href":"https:\/\/cdnoticias.com\/index.php\/wp-json\/wp\/v2\/posts\/58954\/revisions"}],"wp:featuredmedia":[{"embeddable":true,"href":"https:\/\/cdnoticias.com\/index.php\/wp-json\/wp\/v2\/media\/58956"}],"wp:attachment":[{"href":"https:\/\/cdnoticias.com\/index.php\/wp-json\/wp\/v2\/media?parent=58954"}],"wp:term":[{"taxonomy":"category","embeddable":true,"href":"https:\/\/cdnoticias.com\/index.php\/wp-json\/wp\/v2\/categories?post=58954"},{"taxonomy":"post_tag","embeddable":true,"href":"https:\/\/cdnoticias.com\/index.php\/wp-json\/wp\/v2\/tags?post=58954"}],"curies":[{"name":"wp","href":"https:\/\/api.w.org\/{rel}","templated":true}]}}