{"id":58951,"date":"2022-07-02T16:27:51","date_gmt":"2022-07-02T19:27:51","guid":{"rendered":"https:\/\/www.centraldenoticias.com.ar\/?p=58951"},"modified":"2022-07-02T16:27:51","modified_gmt":"2022-07-02T19:27:51","slug":"la-obra-sucundun-se-presentara-en-sierras-bayas","status":"publish","type":"post","link":"https:\/\/cdnoticias.com\/index.php\/2022\/07\/02\/la-obra-sucundun-se-presentara-en-sierras-bayas\/","title":{"rendered":"La obra Sucund\u00fan se presentar\u00e1 en Sierras Bayas"},"content":{"rendered":"<p>Ser\u00e1 el mi\u00e9rcoles 6 de julio a las 19:30. La funci\u00f3n del CEPEAC N\u00ba 1 es a la gorra. <!--more--><\/p>\n<hr \/>\n<p>&nbsp;<\/p>\n<p>Desde el <strong>CE.P.E.A.C. N\u00b01<\/strong> se inform\u00f3 que dar\u00e1n otra funci\u00f3n de la obra <em><strong>&#8220;Sucund\u00fan&#8221;<\/strong><\/em> luego de su estreno el pasado <a href=\"https:\/\/cdnoticias.com\/index.php\/2022\/06\/15\/se-realizara-la-obra-sucundun\/\" target=\"_blank\" rel=\"noopener\">mi\u00e9rcoles 19.\u00a0<\/a><\/p>\n<p>&nbsp;<\/p>\n<p>Estudiantes del <strong>profesorado de teatro<\/strong> junto con la docente Florencia Dom\u00ednguez, presentar\u00e1n la obra el pr\u00f3ximo<strong> mi\u00e9rcoles 6 de julio a las 19:30.\u00a0<\/strong><\/p>\n<p>&nbsp;<\/p>\n<p>La obra se har\u00e1 en el <strong>Centro Cultural de Sierras Bayas, <\/strong>ubicado en Julio A. Roca y Colombo. La<strong> funci\u00f3n es a la gorra.\u00a0<\/strong><\/p>\n<p><img data-recalc-dims=\"1\" loading=\"lazy\" decoding=\"async\" class=\"aligncenter wp-image-58953\" src=\"https:\/\/i0.wp.com\/cdnoticias.com\/wp-content\/uploads\/2022\/07\/obra-de-teatro.jpeg?resize=450%2C450&#038;ssl=1\" alt=\"\" width=\"450\" height=\"450\" srcset=\"https:\/\/i0.wp.com\/cdnoticias.com\/wp-content\/uploads\/2022\/07\/obra-de-teatro.jpeg?resize=1024%2C1024&amp;ssl=1 1024w, https:\/\/i0.wp.com\/cdnoticias.com\/wp-content\/uploads\/2022\/07\/obra-de-teatro.jpeg?resize=300%2C300&amp;ssl=1 300w, https:\/\/i0.wp.com\/cdnoticias.com\/wp-content\/uploads\/2022\/07\/obra-de-teatro.jpeg?resize=150%2C150&amp;ssl=1 150w, https:\/\/i0.wp.com\/cdnoticias.com\/wp-content\/uploads\/2022\/07\/obra-de-teatro.jpeg?resize=768%2C768&amp;ssl=1 768w, https:\/\/i0.wp.com\/cdnoticias.com\/wp-content\/uploads\/2022\/07\/obra-de-teatro.jpeg?w=1039&amp;ssl=1 1039w\" sizes=\"auto, (max-width: 450px) 100vw, 450px\" \/><\/p>\n","protected":false},"excerpt":{"rendered":"<p>Ser\u00e1 el mi\u00e9rcoles 6 de julio a las 19:30. La funci\u00f3n del CEPEAC N\u00ba 1 es a la gorra.<\/p>\n","protected":false},"author":6,"featured_media":58953,"comment_status":"closed","ping_status":"closed","sticky":false,"template":"","format":"standard","meta":{"_jetpack_memberships_contains_paid_content":false,"footnotes":""},"categories":[9,1],"tags":[],"class_list":["post-58951","post","type-post","status-publish","format-standard","has-post-thumbnail","hentry","category-cultura","category-portada"],"jetpack_featured_media_url":"https:\/\/i0.wp.com\/cdnoticias.com\/wp-content\/uploads\/2022\/07\/obra-de-teatro.jpeg?fit=1039%2C1039&ssl=1","jetpack_sharing_enabled":true,"_links":{"self":[{"href":"https:\/\/cdnoticias.com\/index.php\/wp-json\/wp\/v2\/posts\/58951","targetHints":{"allow":["GET"]}}],"collection":[{"href":"https:\/\/cdnoticias.com\/index.php\/wp-json\/wp\/v2\/posts"}],"about":[{"href":"https:\/\/cdnoticias.com\/index.php\/wp-json\/wp\/v2\/types\/post"}],"author":[{"embeddable":true,"href":"https:\/\/cdnoticias.com\/index.php\/wp-json\/wp\/v2\/users\/6"}],"replies":[{"embeddable":true,"href":"https:\/\/cdnoticias.com\/index.php\/wp-json\/wp\/v2\/comments?post=58951"}],"version-history":[{"count":0,"href":"https:\/\/cdnoticias.com\/index.php\/wp-json\/wp\/v2\/posts\/58951\/revisions"}],"wp:featuredmedia":[{"embeddable":true,"href":"https:\/\/cdnoticias.com\/index.php\/wp-json\/wp\/v2\/media\/58953"}],"wp:attachment":[{"href":"https:\/\/cdnoticias.com\/index.php\/wp-json\/wp\/v2\/media?parent=58951"}],"wp:term":[{"taxonomy":"category","embeddable":true,"href":"https:\/\/cdnoticias.com\/index.php\/wp-json\/wp\/v2\/categories?post=58951"},{"taxonomy":"post_tag","embeddable":true,"href":"https:\/\/cdnoticias.com\/index.php\/wp-json\/wp\/v2\/tags?post=58951"}],"curies":[{"name":"wp","href":"https:\/\/api.w.org\/{rel}","templated":true}]}}