{"id":58944,"date":"2022-07-02T10:30:45","date_gmt":"2022-07-02T13:30:45","guid":{"rendered":"https:\/\/www.centraldenoticias.com.ar\/?p=58944"},"modified":"2022-07-02T10:30:45","modified_gmt":"2022-07-02T13:30:45","slug":"fines-2022-se-extiende-la-inscripcion-hasta-el-15-de-agosto","status":"publish","type":"post","link":"https:\/\/cdnoticias.com\/index.php\/2022\/07\/02\/fines-2022-se-extiende-la-inscripcion-hasta-el-15-de-agosto\/","title":{"rendered":"FinEs 2022: se extiende la inscripci\u00f3n hasta el 15 de agosto"},"content":{"rendered":"<p>Se deber\u00e1 presentar indefectiblemente toda la documentaci\u00f3n obligatoria. <!--more--><\/p>\n<hr \/>\n<p>&nbsp;<\/p>\n<p><strong>Hasta el 15 de agosto inclusive<\/strong> continuar\u00e1n las <strong>inscripciones para ingresar al segundo cuatrimestre del Programa FinEs<\/strong> que iniciar\u00e1 el dictado de clases presenciales a fines del mismo mes en la modalidad Trayecto Secundario.<\/p>\n<p>&nbsp;<\/p>\n<p>En el caso de<strong> Fines Deudores de Materias Pendiente<\/strong>s la recepci\u00f3n de documentaci\u00f3n para el ingreso se extender\u00e1 hasta <strong>mediados de septiembre.<\/strong><\/p>\n<p>&nbsp;<\/p>\n<p>Quienes est\u00e9n interesados podr\u00e1n dirigirse a la oficina ubicada en <strong>EES N\u00b08, ingreso por Lavalle entre Roque S\u00e1enz Pe\u00f1a e Hip\u00f3lito Yrigoyen<\/strong> (primer piso) los <strong>lunes y mi\u00e9rcoles de 18:00 a 21:00.\u00a0<\/strong><\/p>\n<p>&nbsp;<\/p>\n<p>En todos los casos deber\u00e1n<strong> presentar fotocopia de partida de nacimiento, fotocopia de DNI y certificaci\u00f3n de estudios previos o fotocopia de anal\u00edtico parcial en folio A4.<\/strong><\/p>\n<p>&nbsp;<\/p>\n<p><img data-recalc-dims=\"1\" loading=\"lazy\" decoding=\"async\" class=\"aligncenter wp-image-58946 size-large\" src=\"https:\/\/i0.wp.com\/cdnoticias.com\/wp-content\/uploads\/2022\/07\/WhatsApp-Image-2022-07-01-at-7.18.28-PM.jpeg?resize=800%2C379&#038;ssl=1\" alt=\"\" width=\"800\" height=\"379\" srcset=\"https:\/\/i0.wp.com\/cdnoticias.com\/wp-content\/uploads\/2022\/07\/WhatsApp-Image-2022-07-01-at-7.18.28-PM.jpeg?resize=1024%2C485&amp;ssl=1 1024w, https:\/\/i0.wp.com\/cdnoticias.com\/wp-content\/uploads\/2022\/07\/WhatsApp-Image-2022-07-01-at-7.18.28-PM.jpeg?resize=300%2C142&amp;ssl=1 300w, https:\/\/i0.wp.com\/cdnoticias.com\/wp-content\/uploads\/2022\/07\/WhatsApp-Image-2022-07-01-at-7.18.28-PM.jpeg?resize=768%2C364&amp;ssl=1 768w, https:\/\/i0.wp.com\/cdnoticias.com\/wp-content\/uploads\/2022\/07\/WhatsApp-Image-2022-07-01-at-7.18.28-PM.jpeg?w=1280&amp;ssl=1 1280w\" sizes=\"auto, (max-width: 800px) 100vw, 800px\" \/><\/p>\n<p>&nbsp;<\/p>\n<p>Adem\u00e1s, se invita a egresados y egresadas a concurrir a la oficina con el DNI y <strong>retirar su t\u00edtulo de bachiller com\u00fan,<\/strong> tanto de orientaci\u00f3n en Gesti\u00f3n y Administraci\u00f3n como en Ciencias Sociales.<\/p>\n<p>&nbsp;<\/p>\n<p>Es importante destacar que se deber\u00e1 presentar indefectiblemente toda la documentaci\u00f3n obligatoria. De esa manera el o la estudiante tendr\u00e1 un ingreso definitivo al a\u00f1o y comisi\u00f3n correspondiente y un legajo personalizado que acompa\u00f1ar\u00e1 su recorrido educativo.<\/p>\n<p>&nbsp;<\/p>\n<p>El <strong>programa FinEs posibilita a mayores de 18 a\u00f1os a finalizar sus estudios secundarios<\/strong> o <strong>rendir materias adeudadas de otras instituciones en forma semipresencial,<\/strong> en la sede m\u00e1s cercana a su domicilio y en horarios pre acordados.<\/p>\n<p>&nbsp;<\/p>\n<p>Adem\u00e1s, FinEs posee la compatibilidad de inscripci\u00f3n con las <strong>Becas Progresar que coordina Anses<\/strong>, de tal forma que se pueda acceder al cobro de una ayuda econ\u00f3mica mientras se lleva adelante la cursada.<\/p>\n","protected":false},"excerpt":{"rendered":"<p>Se deber\u00e1 presentar indefectiblemente toda la documentaci\u00f3n obligatoria.<\/p>\n","protected":false},"author":6,"featured_media":58945,"comment_status":"closed","ping_status":"closed","sticky":false,"template":"","format":"standard","meta":{"_jetpack_memberships_contains_paid_content":false,"footnotes":""},"categories":[5,1],"tags":[],"class_list":["post-58944","post","type-post","status-publish","format-standard","has-post-thumbnail","hentry","category-informacion-general","category-portada"],"jetpack_featured_media_url":"https:\/\/i0.wp.com\/cdnoticias.com\/wp-content\/uploads\/2022\/07\/WhatsApp-Image-2022-07-01-at-7.18.26-PM.jpeg?fit=1032%2C489&ssl=1","jetpack_sharing_enabled":true,"_links":{"self":[{"href":"https:\/\/cdnoticias.com\/index.php\/wp-json\/wp\/v2\/posts\/58944","targetHints":{"allow":["GET"]}}],"collection":[{"href":"https:\/\/cdnoticias.com\/index.php\/wp-json\/wp\/v2\/posts"}],"about":[{"href":"https:\/\/cdnoticias.com\/index.php\/wp-json\/wp\/v2\/types\/post"}],"author":[{"embeddable":true,"href":"https:\/\/cdnoticias.com\/index.php\/wp-json\/wp\/v2\/users\/6"}],"replies":[{"embeddable":true,"href":"https:\/\/cdnoticias.com\/index.php\/wp-json\/wp\/v2\/comments?post=58944"}],"version-history":[{"count":0,"href":"https:\/\/cdnoticias.com\/index.php\/wp-json\/wp\/v2\/posts\/58944\/revisions"}],"wp:featuredmedia":[{"embeddable":true,"href":"https:\/\/cdnoticias.com\/index.php\/wp-json\/wp\/v2\/media\/58945"}],"wp:attachment":[{"href":"https:\/\/cdnoticias.com\/index.php\/wp-json\/wp\/v2\/media?parent=58944"}],"wp:term":[{"taxonomy":"category","embeddable":true,"href":"https:\/\/cdnoticias.com\/index.php\/wp-json\/wp\/v2\/categories?post=58944"},{"taxonomy":"post_tag","embeddable":true,"href":"https:\/\/cdnoticias.com\/index.php\/wp-json\/wp\/v2\/tags?post=58944"}],"curies":[{"name":"wp","href":"https:\/\/api.w.org\/{rel}","templated":true}]}}