{"id":58911,"date":"2022-07-04T08:27:38","date_gmt":"2022-07-04T11:27:38","guid":{"rendered":"https:\/\/www.centraldenoticias.com.ar\/?p=58911"},"modified":"2022-07-04T08:27:38","modified_gmt":"2022-07-04T11:27:38","slug":"presentaran-en-olavarria-el-mapa-nacional-de-la-discriminacion","status":"publish","type":"post","link":"https:\/\/cdnoticias.com\/index.php\/2022\/07\/04\/presentaran-en-olavarria-el-mapa-nacional-de-la-discriminacion\/","title":{"rendered":"Presentar\u00e1n en Olavarr\u00eda el\u00a0Mapa Nacional de la Discriminaci\u00f3n"},"content":{"rendered":"<p>Estar\u00e1n representantes del INADI junto a la Facultad de Sociales el d\u00eda jueves en el Centro Cultural Universitario, San Mart\u00edn 1955, a las 17.30 horas.<!--more--><\/p>\n<hr \/>\n<p><strong>Se presentar\u00e1 en Olavarr\u00eda el\u00a0Mapa Nacional de la Discriminaci\u00f3n.<\/strong> Estar\u00e1n representantes del INADI junto a la Facultad de Sociales el jueves 7 de julio en el Centro Cultural Universitario, San Mart\u00edn 1955, a las 17.30 horas.<\/p>\n<p>&nbsp;<\/p>\n<p><img data-recalc-dims=\"1\" loading=\"lazy\" decoding=\"async\" class=\"size-full wp-image-58913 aligncenter\" src=\"https:\/\/i0.wp.com\/cdnoticias.com\/wp-content\/uploads\/2022\/07\/mapa-de-discriminacion2.jpg?resize=450%2C450&#038;ssl=1\" alt=\"\" width=\"450\" height=\"450\" srcset=\"https:\/\/i0.wp.com\/cdnoticias.com\/wp-content\/uploads\/2022\/07\/mapa-de-discriminacion2.jpg?w=450&amp;ssl=1 450w, https:\/\/i0.wp.com\/cdnoticias.com\/wp-content\/uploads\/2022\/07\/mapa-de-discriminacion2.jpg?resize=300%2C300&amp;ssl=1 300w, https:\/\/i0.wp.com\/cdnoticias.com\/wp-content\/uploads\/2022\/07\/mapa-de-discriminacion2.jpg?resize=150%2C150&amp;ssl=1 150w\" sizes=\"auto, (max-width: 450px) 100vw, 450px\" \/><\/p>\n<p>&nbsp;<\/p>\n<p>Se trata de <strong>un relevamiento que realiza peri\u00f3dicamente el Instituto Nacional contra la Discriminaci\u00f3n, la Xenofobia y el Racismo (INADI)<\/strong> con el objetivo de <strong>producir conocimiento sobre las formas en que se expresa la discriminaci\u00f3n en Argentina.<\/strong><\/p>\n<p>&nbsp;<\/p>\n<blockquote><p>El subdelegado del INADI, Norberto Almeida, inform\u00f3 que se va a presentar la tercera edici\u00f3n y actualiza los datos del a\u00f1o 2013. \u201cEl mapa se viene actualizando con un equipo de trabajo que integran diferentes Facultades y universidades de nuestro pa\u00eds. La Facultad de Ciencias Sociales UNICEN es parte de este grupo y brindar\u00e1 informaci\u00f3n sobre los datos regionales que fueron aportados\u201d se destac\u00f3.<\/p><\/blockquote>\n<p>&nbsp;<\/p>\n<p><img data-recalc-dims=\"1\" loading=\"lazy\" decoding=\"async\" class=\"size-large wp-image-24973 aligncenter\" src=\"https:\/\/i0.wp.com\/cdnoticias.com\/wp-content\/uploads\/2021\/06\/inadi-acto2.jpg?resize=800%2C600&#038;ssl=1\" alt=\"\" width=\"800\" height=\"600\" srcset=\"https:\/\/i0.wp.com\/cdnoticias.com\/wp-content\/uploads\/2021\/06\/inadi-acto2.jpg?resize=1024%2C768&amp;ssl=1 1024w, https:\/\/i0.wp.com\/cdnoticias.com\/wp-content\/uploads\/2021\/06\/inadi-acto2.jpg?resize=300%2C225&amp;ssl=1 300w, https:\/\/i0.wp.com\/cdnoticias.com\/wp-content\/uploads\/2021\/06\/inadi-acto2.jpg?resize=768%2C576&amp;ssl=1 768w, https:\/\/i0.wp.com\/cdnoticias.com\/wp-content\/uploads\/2021\/06\/inadi-acto2.jpg?w=1040&amp;ssl=1 1040w\" sizes=\"auto, (max-width: 800px) 100vw, 800px\" \/><\/p>\n<p>&nbsp;<\/p>\n<p>Tambi\u00e9n se se\u00f1al\u00f3 que <strong>\u201cel car\u00e1cter federal de este Mapa posibilita realizar\u00a0diagn\u00f3sticos\u00a0m\u00e1s precisos<\/strong> que favorezcan la creaci\u00f3n y aplicaci\u00f3n de pol\u00edticas p\u00fablicas espec\u00edficas y eficaces. Tambi\u00e9n permite abordar la problem\u00e1tica con el trabajo articulado con los diferentes organismos e instituciones\u201d.<\/p>\n<p>&nbsp;<\/p>\n<p>Las distintas ediciones sirven para comparar, a su vez, <strong>c\u00f3mo se modificaron las distintas pr\u00e1cticas discriminatorias a trav\u00e9s de los a\u00f1os<\/strong> y cu\u00e1les son los estereotipos que se mantuvieron socialmente instalados.<\/p>\n","protected":false},"excerpt":{"rendered":"<p>Estar\u00e1n representantes del INADI junto a la Facultad de Sociales el d\u00eda jueves en el Centro Cultural Universitario, San Mart\u00edn<\/p>\n","protected":false},"author":4,"featured_media":58912,"comment_status":"closed","ping_status":"closed","sticky":false,"template":"","format":"standard","meta":{"_jetpack_memberships_contains_paid_content":false,"footnotes":""},"categories":[5,1],"tags":[],"class_list":["post-58911","post","type-post","status-publish","format-standard","has-post-thumbnail","hentry","category-informacion-general","category-portada"],"jetpack_featured_media_url":"https:\/\/i0.wp.com\/cdnoticias.com\/wp-content\/uploads\/2022\/07\/mapa-de-discriminacion1.jpg?fit=800%2C445&ssl=1","jetpack_sharing_enabled":true,"_links":{"self":[{"href":"https:\/\/cdnoticias.com\/index.php\/wp-json\/wp\/v2\/posts\/58911","targetHints":{"allow":["GET"]}}],"collection":[{"href":"https:\/\/cdnoticias.com\/index.php\/wp-json\/wp\/v2\/posts"}],"about":[{"href":"https:\/\/cdnoticias.com\/index.php\/wp-json\/wp\/v2\/types\/post"}],"author":[{"embeddable":true,"href":"https:\/\/cdnoticias.com\/index.php\/wp-json\/wp\/v2\/users\/4"}],"replies":[{"embeddable":true,"href":"https:\/\/cdnoticias.com\/index.php\/wp-json\/wp\/v2\/comments?post=58911"}],"version-history":[{"count":0,"href":"https:\/\/cdnoticias.com\/index.php\/wp-json\/wp\/v2\/posts\/58911\/revisions"}],"wp:featuredmedia":[{"embeddable":true,"href":"https:\/\/cdnoticias.com\/index.php\/wp-json\/wp\/v2\/media\/58912"}],"wp:attachment":[{"href":"https:\/\/cdnoticias.com\/index.php\/wp-json\/wp\/v2\/media?parent=58911"}],"wp:term":[{"taxonomy":"category","embeddable":true,"href":"https:\/\/cdnoticias.com\/index.php\/wp-json\/wp\/v2\/categories?post=58911"},{"taxonomy":"post_tag","embeddable":true,"href":"https:\/\/cdnoticias.com\/index.php\/wp-json\/wp\/v2\/tags?post=58911"}],"curies":[{"name":"wp","href":"https:\/\/api.w.org\/{rel}","templated":true}]}}