{"id":58897,"date":"2022-07-01T12:41:51","date_gmt":"2022-07-01T15:41:51","guid":{"rendered":"https:\/\/www.centraldenoticias.com.ar\/?p=58897"},"modified":"2022-07-01T12:42:28","modified_gmt":"2022-07-01T15:42:28","slug":"citacion-desde-regularizacion-dominial-a-vecinos-del-barrio-pickelado","status":"publish","type":"post","link":"https:\/\/cdnoticias.com\/index.php\/2022\/07\/01\/citacion-desde-regularizacion-dominial-a-vecinos-del-barrio-pickelado\/","title":{"rendered":"Citaci\u00f3n desde Regularizaci\u00f3n Dominial a vecinos del barrio Pickelado"},"content":{"rendered":"<p>El motivo es avanzar con los respectivos tr\u00e1mites de regularizaci\u00f3n. Deber\u00e1n contactarse con la Direcci\u00f3n municipal.<!--more--><\/p>\n<hr \/>\n<p>Desde la Direcci\u00f3n de Casa de Tierras y Regularizaci\u00f3n Dominial se cita a varios vecinos y vecinas del barrio Pickelado con el objetivo de poder <strong>acercarles y brindar informaci\u00f3n requerida por el Instituto de Vivienda y de esa manera\u00a0 avanzar en los respectivos tr\u00e1mites de regularizaci\u00f3n.<\/strong><\/p>\n<p>&nbsp;<\/p>\n<p>Se requiere que las personas que ser\u00e1n mencionadas a continuaci\u00f3n <strong>se contacten con la Direcci\u00f3n a los tel\u00e9fonos 440442 internos 1753-1903-1750, o se acerquen al Palacio San Mart\u00edn de lunes a viernes de 7:30 a 13 horas.<\/strong><\/p>\n<p>&nbsp;<\/p>\n<p>Mauricio Mart\u00ednez<\/p>\n<p>Mar\u00eda Ver\u00f3nica Toledo y Pablo Mart\u00edn Palacios<\/p>\n<p>Lucia Waimann y Jonatan Daniel Luna<\/p>\n<p>Claudelina V\u00e1zquez, y Claudelina Beatriz Enriquez V\u00e1zquez<\/p>\n<p>Leonardo Javier Morales y Paola Silvina Navarro<\/p>\n<p>Miriam Elena Chamorro<\/p>\n<p>Mar\u00eda Fernanda Prendel<\/p>\n<p>Claudia Edith Ortiz<\/p>\n<p>Ricardo An\u00edbal Cejas y Giovanna Macarena Cocco Ruiz<\/p>\n<p>Lorena Ludmila Markovina<\/p>\n<p>Renzo Federico Saavedra y Marianela Sol Rocha<\/p>\n<p>Mat\u00edas Ezequiel Lozano<\/p>\n<p>Mirta Isabel Enrique<\/p>\n<p>Alberto Bilbao y Rosana Cecilia Iglesias<\/p>\n","protected":false},"excerpt":{"rendered":"<p>El motivo es avanzar con los respectivos tr\u00e1mites de regularizaci\u00f3n. Deber\u00e1n contactarse con la Direcci\u00f3n municipal.<\/p>\n","protected":false},"author":5,"featured_media":58898,"comment_status":"closed","ping_status":"closed","sticky":false,"template":"","format":"standard","meta":{"_jetpack_memberships_contains_paid_content":false,"footnotes":""},"categories":[5,1],"tags":[],"class_list":["post-58897","post","type-post","status-publish","format-standard","has-post-thumbnail","hentry","category-informacion-general","category-portada"],"jetpack_featured_media_url":"https:\/\/i0.wp.com\/cdnoticias.com\/wp-content\/uploads\/2022\/07\/Casa-de-Tierras-Regularizacion-1024x682-1.jpg?fit=1024%2C570&ssl=1","jetpack_sharing_enabled":true,"_links":{"self":[{"href":"https:\/\/cdnoticias.com\/index.php\/wp-json\/wp\/v2\/posts\/58897","targetHints":{"allow":["GET"]}}],"collection":[{"href":"https:\/\/cdnoticias.com\/index.php\/wp-json\/wp\/v2\/posts"}],"about":[{"href":"https:\/\/cdnoticias.com\/index.php\/wp-json\/wp\/v2\/types\/post"}],"author":[{"embeddable":true,"href":"https:\/\/cdnoticias.com\/index.php\/wp-json\/wp\/v2\/users\/5"}],"replies":[{"embeddable":true,"href":"https:\/\/cdnoticias.com\/index.php\/wp-json\/wp\/v2\/comments?post=58897"}],"version-history":[{"count":0,"href":"https:\/\/cdnoticias.com\/index.php\/wp-json\/wp\/v2\/posts\/58897\/revisions"}],"wp:featuredmedia":[{"embeddable":true,"href":"https:\/\/cdnoticias.com\/index.php\/wp-json\/wp\/v2\/media\/58898"}],"wp:attachment":[{"href":"https:\/\/cdnoticias.com\/index.php\/wp-json\/wp\/v2\/media?parent=58897"}],"wp:term":[{"taxonomy":"category","embeddable":true,"href":"https:\/\/cdnoticias.com\/index.php\/wp-json\/wp\/v2\/categories?post=58897"},{"taxonomy":"post_tag","embeddable":true,"href":"https:\/\/cdnoticias.com\/index.php\/wp-json\/wp\/v2\/tags?post=58897"}],"curies":[{"name":"wp","href":"https:\/\/api.w.org\/{rel}","templated":true}]}}