{"id":58882,"date":"2022-07-01T08:38:17","date_gmt":"2022-07-01T11:38:17","guid":{"rendered":"https:\/\/www.centraldenoticias.com.ar\/?p=58882"},"modified":"2022-07-01T09:20:20","modified_gmt":"2022-07-01T12:20:20","slug":"es-ley-el-proyecto-de-respuesta-integral-al-vih-e-infecciones-de-transmision-sexual","status":"publish","type":"post","link":"https:\/\/cdnoticias.com\/index.php\/2022\/07\/01\/es-ley-el-proyecto-de-respuesta-integral-al-vih-e-infecciones-de-transmision-sexual\/","title":{"rendered":"Es ley el proyecto de respuesta integral al VIH e infecciones de transmisi\u00f3n sexual"},"content":{"rendered":"<p>Lo aprob\u00f3 el Senado. La normativa propone un abordaje integral desde la salud colectiva y busca brindar contenci\u00f3n e informaci\u00f3n.<!--more--><\/p>\n<hr \/>\n<p>El Senado de la Naci\u00f3n aprob\u00f3 por amplia mayor\u00eda, y convirti\u00f3 en ley, el proyecto de VIH, Hepatitis Virales, Tuberculosis e Infecciones de Transmisi\u00f3n Sexual, que <strong>propone un abordaje integral desde la salud colectiva y busca brindar contenci\u00f3n e informaci\u00f3n para derribar prejuicios y situaciones de discriminaci\u00f3n.<\/strong><\/p>\n<p>&nbsp;<\/p>\n<p><strong>La iniciativa, que fue presentada originalmente por la diputada Carolina Gaillard, del Frente de Todos<\/strong>, establece -entre otros puntos- la creaci\u00f3n de un Observatorio Nacional sobre Estigma y Discriminaci\u00f3n, con el fin de visibilizar, documentar y erradicar las vulneraciones a los derechos de las personas afectadas.<\/p>\n<p>&nbsp;<\/p>\n<p>El proyecto votado por <strong>70 votos a favor y uno en contra<\/strong> y que cuenta con el apoyo de m\u00e1s de 200 instituciones y organizaciones civiles, plantea un cambio de perspectiva y pone foco en lo social, apuntando a mejorar la calidad de vida y prevenir muertes evitables.<\/p>\n<p>&nbsp;<\/p>\n<p>Propone, adem\u00e1s, que toda prueba para detectar esas patolog\u00edas deber\u00e1 ser <strong>voluntaria, gratuita, confidencial y universal, a la vez que promueve la creaci\u00f3n de un r\u00e9gimen de jubilaci\u00f3n especial, de car\u00e1cter excepcional para quienes transiten las enfermedades de VIH y hepatitis B o C, as\u00ed como una pensi\u00f3n no contributiva de car\u00e1cter vitalicio para quienes se encuentren en situaci\u00f3n de vulnerabilidad social.<\/strong><\/p>\n<p>&nbsp;<\/p>\n<p>De este modo, quienes acrediten al menos diez a\u00f1os desde el diagn\u00f3stico de la enfermedad y 20 a\u00f1os de aportes jubilatorios, <strong>pueden solicitar la jubilaci\u00f3n a partir de los 50 a\u00f1os.<\/strong><\/p>\n<p>&nbsp;<\/p>\n<p><img data-recalc-dims=\"1\" loading=\"lazy\" decoding=\"async\" class=\"aligncenter size-full wp-image-58886\" src=\"https:\/\/i0.wp.com\/cdnoticias.com\/wp-content\/uploads\/2022\/07\/ley-respuesta-vih-02.png?resize=800%2C315&#038;ssl=1\" alt=\"\" width=\"800\" height=\"315\" srcset=\"https:\/\/i0.wp.com\/cdnoticias.com\/wp-content\/uploads\/2022\/07\/ley-respuesta-vih-02.png?w=1366&amp;ssl=1 1366w, https:\/\/i0.wp.com\/cdnoticias.com\/wp-content\/uploads\/2022\/07\/ley-respuesta-vih-02.png?resize=300%2C118&amp;ssl=1 300w, https:\/\/i0.wp.com\/cdnoticias.com\/wp-content\/uploads\/2022\/07\/ley-respuesta-vih-02.png?resize=1024%2C403&amp;ssl=1 1024w, https:\/\/i0.wp.com\/cdnoticias.com\/wp-content\/uploads\/2022\/07\/ley-respuesta-vih-02.png?resize=768%2C302&amp;ssl=1 768w\" sizes=\"auto, (max-width: 800px) 100vw, 800px\" \/><\/p>\n<p>&nbsp;<\/p>\n<p>El proyecto tambi\u00e9n promueve la<strong> capacitaci\u00f3n, investigaci\u00f3n, difusi\u00f3n de campa\u00f1as masivas y la conformaci\u00f3n de una Comisi\u00f3n Nacional de VIH, Hepatitis Virales, otras ITS y Tuberculosis<\/strong>, integrada de forma interministerial e intersectorial por representantes de los organismos estatales, sociedades cient\u00edficas y organizaciones de la sociedad civil con trabajo en estas patolog\u00edas.<\/p>\n<p>&nbsp;<\/p>\n<p>Tambi\u00e9n se propone un <strong>Observatorio Nacional sobre Estigma y Discriminaci\u00f3n<\/strong>, con el objetivo de visibilizar, documentar, disuadir y erradicar las vulneraciones a los derechos humanos de las personas afectadas.<\/p>\n<p>&nbsp;<\/p>\n<p>Las personas con VIH, hepatitis virales, otras ITS y\/o tuberculosis tienen los siguientes <strong>derechos laborales:<\/strong><\/p>\n<p>&nbsp;<\/p>\n<p>\u2013 <strong>Al trabajo y a la permanencia en el mismo sin discriminaci\u00f3n, despidos, suspensiones, hostigamientos, reducciones salariales, violencia, ni violaci\u00f3n de la confidencialidad, para la poblaci\u00f3n referida en esta ley.<\/strong> Se presume, salvo prueba en contrario, que el despido de personas con VIH, hepatitis virales, otras ITS y\/o tuberculosis obedece a razones de discriminaci\u00f3n.<\/p>\n<p>&nbsp;<\/p>\n<p>\u2013 A que<strong> no sea condicionado el ingreso a fuentes laborales o a la promoci\u00f3n de puestos de trabajo<\/strong> por la realizaci\u00f3n de pruebas diagn\u00f3sticas.<\/p>\n<p>&nbsp;<\/p>\n<p>\u2013 A <strong>no ser objeto de pruebas diagn\u00f3sticas<\/strong> de modo compulsivo.<\/p>\n<p>&nbsp;<\/p>\n<p>\u2013 A ser <strong>beneficiarios de pol\u00edticas de empleabilidad<\/strong> para personas con VIH, hepatitis virales, otras ITS y\/o tuberculosis, impulsando el acceso universal, asistencia integral y no discriminaci\u00f3n.<\/p>\n<p>&nbsp;<\/p>\n<p>\u2013 A la <strong>inclusi\u00f3n<\/strong> de las personas con VIH, hepatitis virales, otras ITS y\/o tuberculosis en los programas de formaci\u00f3n y capacitaci\u00f3n del Ministerio de Trabajo, Empleo y Seguridad Social.<\/p>\n<p>&nbsp;<\/p>\n<p>\u2013 A ser <strong>beneficiarios de pol\u00edticas de acciones afirmativas que fomenten la inclusi\u00f3n laboral<\/strong>, tanto en el \u00e1mbito p\u00fablico como en el privado, para la poblaci\u00f3n contemplada en esta ley, garantizando la confidencialidad del diagn\u00f3stico.<\/p>\n<p>&nbsp;<\/p>\n<p>Fuente: DIB<\/p>\n","protected":false},"excerpt":{"rendered":"<p>Lo aprob\u00f3 el Senado. La normativa propone un abordaje integral desde la salud colectiva y busca brindar contenci\u00f3n e informaci\u00f3n.<\/p>\n","protected":false},"author":5,"featured_media":58884,"comment_status":"closed","ping_status":"closed","sticky":false,"template":"","format":"standard","meta":{"_jetpack_memberships_contains_paid_content":false,"footnotes":""},"categories":[6,1],"tags":[],"class_list":["post-58882","post","type-post","status-publish","format-standard","has-post-thumbnail","hentry","category-nacionales","category-portada"],"jetpack_featured_media_url":"https:\/\/i0.wp.com\/cdnoticias.com\/wp-content\/uploads\/2022\/07\/ley-respuesta-vih.png?fit=1276%2C668&ssl=1","jetpack_sharing_enabled":true,"_links":{"self":[{"href":"https:\/\/cdnoticias.com\/index.php\/wp-json\/wp\/v2\/posts\/58882","targetHints":{"allow":["GET"]}}],"collection":[{"href":"https:\/\/cdnoticias.com\/index.php\/wp-json\/wp\/v2\/posts"}],"about":[{"href":"https:\/\/cdnoticias.com\/index.php\/wp-json\/wp\/v2\/types\/post"}],"author":[{"embeddable":true,"href":"https:\/\/cdnoticias.com\/index.php\/wp-json\/wp\/v2\/users\/5"}],"replies":[{"embeddable":true,"href":"https:\/\/cdnoticias.com\/index.php\/wp-json\/wp\/v2\/comments?post=58882"}],"version-history":[{"count":0,"href":"https:\/\/cdnoticias.com\/index.php\/wp-json\/wp\/v2\/posts\/58882\/revisions"}],"wp:featuredmedia":[{"embeddable":true,"href":"https:\/\/cdnoticias.com\/index.php\/wp-json\/wp\/v2\/media\/58884"}],"wp:attachment":[{"href":"https:\/\/cdnoticias.com\/index.php\/wp-json\/wp\/v2\/media?parent=58882"}],"wp:term":[{"taxonomy":"category","embeddable":true,"href":"https:\/\/cdnoticias.com\/index.php\/wp-json\/wp\/v2\/categories?post=58882"},{"taxonomy":"post_tag","embeddable":true,"href":"https:\/\/cdnoticias.com\/index.php\/wp-json\/wp\/v2\/tags?post=58882"}],"curies":[{"name":"wp","href":"https:\/\/api.w.org\/{rel}","templated":true}]}}