{"id":58866,"date":"2022-06-30T20:02:11","date_gmt":"2022-06-30T23:02:11","guid":{"rendered":"https:\/\/www.centraldenoticias.com.ar\/?p=58866"},"modified":"2022-06-30T20:02:11","modified_gmt":"2022-06-30T23:02:11","slug":"maria-florencia-giacomasso-de-cajen-q-e-p-d","status":"publish","type":"post","link":"https:\/\/cdnoticias.com\/index.php\/2022\/06\/30\/maria-florencia-giacomasso-de-cajen-q-e-p-d\/","title":{"rendered":"Mar\u00eda Florencia Giacomasso de Caj\u00e9n (Q.E.P.D.)"},"content":{"rendered":"<p>Falleci\u00f3 en CABA el d\u00eda 30 de junio de 2022 a los 45 a\u00f1os. Su esposo Federico Alfredo Caj\u00e9n junto con sus hijas: Malena, Victoriana y Juana; sus padres pol\u00edticos: Beatriz Villar de Caj\u00e9n y Luis Mar\u00eda Caj\u00e9n; sus hermanos pol\u00edticos: Santiago, Bel\u00e9n, Enrique y Ali; sus sobrinos pol\u00edticos y dem\u00e1s deudos participan su fallecimiento.<\/p>\n<p>&nbsp;<\/p>\n<p>Sin velatorio. Responso: Cementerio Municipal de Olavarr\u00eda. Inhumaci\u00f3n: Cementerio Municipal de Olavarr\u00eda, viernes 1 de julio a las 11:30.<\/p>\n","protected":false},"excerpt":{"rendered":"<p>Falleci\u00f3 en CABA el d\u00eda 30 de junio de 2022 a los 45 a\u00f1os. Su esposo Federico Alfredo Caj\u00e9n junto<\/p>\n","protected":false},"author":6,"featured_media":51544,"comment_status":"closed","ping_status":"closed","sticky":false,"template":"","format":"standard","meta":{"_jetpack_memberships_contains_paid_content":false,"footnotes":""},"categories":[10],"tags":[],"class_list":["post-58866","post","type-post","status-publish","format-standard","has-post-thumbnail","hentry","category-necrologicas"],"jetpack_featured_media_url":"https:\/\/i0.wp.com\/cdnoticias.com\/wp-content\/uploads\/2022\/04\/necrologicas-390-x-240.jpg?fit=390%2C240&ssl=1","jetpack_sharing_enabled":true,"_links":{"self":[{"href":"https:\/\/cdnoticias.com\/index.php\/wp-json\/wp\/v2\/posts\/58866","targetHints":{"allow":["GET"]}}],"collection":[{"href":"https:\/\/cdnoticias.com\/index.php\/wp-json\/wp\/v2\/posts"}],"about":[{"href":"https:\/\/cdnoticias.com\/index.php\/wp-json\/wp\/v2\/types\/post"}],"author":[{"embeddable":true,"href":"https:\/\/cdnoticias.com\/index.php\/wp-json\/wp\/v2\/users\/6"}],"replies":[{"embeddable":true,"href":"https:\/\/cdnoticias.com\/index.php\/wp-json\/wp\/v2\/comments?post=58866"}],"version-history":[{"count":0,"href":"https:\/\/cdnoticias.com\/index.php\/wp-json\/wp\/v2\/posts\/58866\/revisions"}],"wp:featuredmedia":[{"embeddable":true,"href":"https:\/\/cdnoticias.com\/index.php\/wp-json\/wp\/v2\/media\/51544"}],"wp:attachment":[{"href":"https:\/\/cdnoticias.com\/index.php\/wp-json\/wp\/v2\/media?parent=58866"}],"wp:term":[{"taxonomy":"category","embeddable":true,"href":"https:\/\/cdnoticias.com\/index.php\/wp-json\/wp\/v2\/categories?post=58866"},{"taxonomy":"post_tag","embeddable":true,"href":"https:\/\/cdnoticias.com\/index.php\/wp-json\/wp\/v2\/tags?post=58866"}],"curies":[{"name":"wp","href":"https:\/\/api.w.org\/{rel}","templated":true}]}}