{"id":58752,"date":"2022-06-29T19:33:01","date_gmt":"2022-06-29T22:33:01","guid":{"rendered":"https:\/\/www.centraldenoticias.com.ar\/?p=58752"},"modified":"2022-06-29T19:33:01","modified_gmt":"2022-06-29T22:33:01","slug":"ignacio-la-spina-nucho-q-e-p-d","status":"publish","type":"post","link":"https:\/\/cdnoticias.com\/index.php\/2022\/06\/29\/ignacio-la-spina-nucho-q-e-p-d\/","title":{"rendered":"Ignacio La Spina &#8220;Nucho&#8221; (Q.E.P.D.)"},"content":{"rendered":"<p>Falleci\u00f3 en Olavarr\u00eda el d\u00eda 29 de junio de 2022 a los 74 a\u00f1os de edad. Su esposa Nora Occhi; sus hijos: Ana Paula, Luciano y Mariano; sus hijos pol\u00edticos: Germ\u00e1n, Andrea y Natalia; sus nietos: Franco, Antonella, Mart\u00edn, Paloma, Alma, Morena y dem\u00e1s deudos participan su fallecimiento.<\/p>\n<p>&nbsp;<\/p>\n<p>Velatorio: Sala &#8220;E&#8221; de Espa\u00f1a 2942. jueves 30 de junio de 9:00 a 14:30. Responso: Capilla Ardiente. Inhumaci\u00f3n: Cementerio Loma de Paz, jueves 30 a las 14:30. Servicio adherido a Coopelectric.<\/p>\n<p>Barrio en el que viv\u00eda: Pueblo Nuevo<\/p>\n<p>Lugar de nacimiento: Sicilia, Italia<\/p>\n<p>Actividad que desarrollaba: Jubilado<\/p>\n","protected":false},"excerpt":{"rendered":"<p>Falleci\u00f3 en Olavarr\u00eda el d\u00eda 29 de junio de 2022 a los 74 a\u00f1os de edad. Su esposa Nora Occhi;<\/p>\n","protected":false},"author":6,"featured_media":51544,"comment_status":"closed","ping_status":"closed","sticky":false,"template":"","format":"standard","meta":{"_jetpack_memberships_contains_paid_content":false,"footnotes":""},"categories":[10],"tags":[],"class_list":["post-58752","post","type-post","status-publish","format-standard","has-post-thumbnail","hentry","category-necrologicas"],"jetpack_featured_media_url":"https:\/\/i0.wp.com\/cdnoticias.com\/wp-content\/uploads\/2022\/04\/necrologicas-390-x-240.jpg?fit=390%2C240&ssl=1","jetpack_sharing_enabled":true,"_links":{"self":[{"href":"https:\/\/cdnoticias.com\/index.php\/wp-json\/wp\/v2\/posts\/58752","targetHints":{"allow":["GET"]}}],"collection":[{"href":"https:\/\/cdnoticias.com\/index.php\/wp-json\/wp\/v2\/posts"}],"about":[{"href":"https:\/\/cdnoticias.com\/index.php\/wp-json\/wp\/v2\/types\/post"}],"author":[{"embeddable":true,"href":"https:\/\/cdnoticias.com\/index.php\/wp-json\/wp\/v2\/users\/6"}],"replies":[{"embeddable":true,"href":"https:\/\/cdnoticias.com\/index.php\/wp-json\/wp\/v2\/comments?post=58752"}],"version-history":[{"count":0,"href":"https:\/\/cdnoticias.com\/index.php\/wp-json\/wp\/v2\/posts\/58752\/revisions"}],"wp:featuredmedia":[{"embeddable":true,"href":"https:\/\/cdnoticias.com\/index.php\/wp-json\/wp\/v2\/media\/51544"}],"wp:attachment":[{"href":"https:\/\/cdnoticias.com\/index.php\/wp-json\/wp\/v2\/media?parent=58752"}],"wp:term":[{"taxonomy":"category","embeddable":true,"href":"https:\/\/cdnoticias.com\/index.php\/wp-json\/wp\/v2\/categories?post=58752"},{"taxonomy":"post_tag","embeddable":true,"href":"https:\/\/cdnoticias.com\/index.php\/wp-json\/wp\/v2\/tags?post=58752"}],"curies":[{"name":"wp","href":"https:\/\/api.w.org\/{rel}","templated":true}]}}