{"id":58744,"date":"2022-06-29T22:27:29","date_gmt":"2022-06-30T01:27:29","guid":{"rendered":"https:\/\/www.centraldenoticias.com.ar\/?p=58744"},"modified":"2022-06-29T22:28:17","modified_gmt":"2022-06-30T01:28:17","slug":"galeria-de-imagenes-del-dia-internacional-del-orgullo-lgtbiq","status":"publish","type":"post","link":"https:\/\/cdnoticias.com\/index.php\/2022\/06\/29\/galeria-de-imagenes-del-dia-internacional-del-orgullo-lgtbiq\/","title":{"rendered":"Galer\u00eda de Im\u00e1genes del D\u00eda Internacional del Orgullo LGTBIQ+"},"content":{"rendered":"<p>Desde la concentraci\u00f3n en el Paseo Mend\u00eda a la m\u00fasica y las actividades en el Centro Cultural Universitario, un repaso de una jornada con importante convocatoria y un motivo para celebrar y tambi\u00e9n para alzar la voz con varios reclamos. <!--more--><\/p>\n<hr \/>\n<p>[soliloquy id=&#8221;58767&#8243;]<\/p>\n","protected":false},"excerpt":{"rendered":"<p>Desde la concentraci\u00f3n en el Paseo Mend\u00eda a la m\u00fasica y las actividades en el Centro Cultural Universitario, un repaso<\/p>\n","protected":false},"author":6,"featured_media":58638,"comment_status":"closed","ping_status":"closed","sticky":false,"template":"","format":"standard","meta":{"_jetpack_memberships_contains_paid_content":false,"footnotes":""},"categories":[3,1],"tags":[],"class_list":["post-58744","post","type-post","status-publish","format-standard","has-post-thumbnail","hentry","category-genero","category-portada"],"jetpack_featured_media_url":"https:\/\/i0.wp.com\/cdnoticias.com\/wp-content\/uploads\/2022\/06\/MarchaDelOrgullo202200001.jpg?fit=720%2C480&ssl=1","jetpack_sharing_enabled":true,"_links":{"self":[{"href":"https:\/\/cdnoticias.com\/index.php\/wp-json\/wp\/v2\/posts\/58744","targetHints":{"allow":["GET"]}}],"collection":[{"href":"https:\/\/cdnoticias.com\/index.php\/wp-json\/wp\/v2\/posts"}],"about":[{"href":"https:\/\/cdnoticias.com\/index.php\/wp-json\/wp\/v2\/types\/post"}],"author":[{"embeddable":true,"href":"https:\/\/cdnoticias.com\/index.php\/wp-json\/wp\/v2\/users\/6"}],"replies":[{"embeddable":true,"href":"https:\/\/cdnoticias.com\/index.php\/wp-json\/wp\/v2\/comments?post=58744"}],"version-history":[{"count":0,"href":"https:\/\/cdnoticias.com\/index.php\/wp-json\/wp\/v2\/posts\/58744\/revisions"}],"wp:featuredmedia":[{"embeddable":true,"href":"https:\/\/cdnoticias.com\/index.php\/wp-json\/wp\/v2\/media\/58638"}],"wp:attachment":[{"href":"https:\/\/cdnoticias.com\/index.php\/wp-json\/wp\/v2\/media?parent=58744"}],"wp:term":[{"taxonomy":"category","embeddable":true,"href":"https:\/\/cdnoticias.com\/index.php\/wp-json\/wp\/v2\/categories?post=58744"},{"taxonomy":"post_tag","embeddable":true,"href":"https:\/\/cdnoticias.com\/index.php\/wp-json\/wp\/v2\/tags?post=58744"}],"curies":[{"name":"wp","href":"https:\/\/api.w.org\/{rel}","templated":true}]}}