{"id":5872,"date":"2020-11-06T20:34:20","date_gmt":"2020-11-06T23:34:20","guid":{"rendered":"http:\/\/www.centraldenoticias.com.ar\/?p=5872"},"modified":"2020-11-07T11:11:02","modified_gmt":"2020-11-07T14:11:02","slug":"otro-dia-sin-datos-acerca-de-donde-esta-jonatan-torres","status":"publish","type":"post","link":"https:\/\/cdnoticias.com\/index.php\/2020\/11\/06\/otro-dia-sin-datos-acerca-de-donde-esta-jonatan-torres\/","title":{"rendered":"Otro d\u00eda sin datos acerca de d\u00f3nde est\u00e1 Jonatan Torres"},"content":{"rendered":"<p>Este viernes se volvi\u00f3 a buscar sobre cielo, tierra y agua, pero el saldo volvi\u00f3 a ser negativo. Adem\u00e1s de Loma Negra, se realizaron varias tareas en Sierra Chica.<\/p>\n<p><!--more--><\/p>\n<hr \/>\n<p>Se cumplieron cinco d\u00edas sin tener precisiones acerca del paradero de <a href=\"https:\/\/cdnoticias.com\/index.php\/2020\/11\/02\/buscan-desesperadamente-a-un-joven-de-20-anos-en-olavarria\/\" target=\"_blank\" rel=\"noopener\">Jonatan Torres<\/a>, el joven de 20 a\u00f1os que fue visto por \u00faltima vez en el tarde del pasado domingo, cuando concurri\u00f3 a la helader\u00eda de avenida Col\u00f3n y Leal donde trabajaba. Desde aquel entonces <strong>s\u00f3lo se tienen algunas aproximaciones que se obtuvieron gracias a la tarea de la Escuela Canina de Olavarr\u00eda y el an\u00e1lisis de c\u00e1maras de seguridad, tanto del Centro de Monitoreo Municipal como dispositivos particulares.<\/strong><\/p>\n<p>&nbsp;<\/p>\n<p><img data-recalc-dims=\"1\" loading=\"lazy\" decoding=\"async\" class=\"alignnone size-full wp-image-5411\" src=\"https:\/\/i0.wp.com\/cdnoticias.com\/wp-content\/uploads\/2020\/11\/WhatsApp-Image-2020-11-02-at-08.46.31-1.jpeg?resize=644%2C387&#038;ssl=1\" alt=\"\" width=\"644\" height=\"387\" srcset=\"https:\/\/i0.wp.com\/cdnoticias.com\/wp-content\/uploads\/2020\/11\/WhatsApp-Image-2020-11-02-at-08.46.31-1.jpeg?w=644&amp;ssl=1 644w, https:\/\/i0.wp.com\/cdnoticias.com\/wp-content\/uploads\/2020\/11\/WhatsApp-Image-2020-11-02-at-08.46.31-1.jpeg?resize=300%2C180&amp;ssl=1 300w\" sizes=\"auto, (max-width: 644px) 100vw, 644px\" \/><\/p>\n<p>&nbsp;<\/p>\n<p><a href=\"https:\/\/cdnoticias.com\/index.php\/2020\/11\/02\/busqueda-de-jonatan-pedido-urgente-de-colaboracion-a-la-comunidad\/\" target=\"_blank\" rel=\"noopener\">Tal cual se ha referido ya varias veces<\/a>, <strong>su rastro se pudo seguir hasta las cercan\u00edas del barrio privado ubicado sobre la prolongaci\u00f3n de avenida Avellaneda con direcci\u00f3n hacia la Ruta Provincial 51<\/strong>. Desde all\u00ed todo es conjeturas, en una camino que se busca establecer a partir de los recorridos que el joven azule\u00f1o realizaba a bordo de su bicicleta.<\/p>\n<p>&nbsp;<\/p>\n<p><img data-recalc-dims=\"1\" loading=\"lazy\" decoding=\"async\" class=\"alignnone size-large wp-image-5469\" src=\"https:\/\/i0.wp.com\/cdnoticias.com\/wp-content\/uploads\/2020\/11\/Sauva.jpg?resize=800%2C453&#038;ssl=1\" alt=\"\" width=\"800\" height=\"453\" srcset=\"https:\/\/i0.wp.com\/cdnoticias.com\/wp-content\/uploads\/2020\/11\/Sauva.jpg?resize=1024%2C580&amp;ssl=1 1024w, https:\/\/i0.wp.com\/cdnoticias.com\/wp-content\/uploads\/2020\/11\/Sauva.jpg?resize=300%2C170&amp;ssl=1 300w, https:\/\/i0.wp.com\/cdnoticias.com\/wp-content\/uploads\/2020\/11\/Sauva.jpg?resize=768%2C435&amp;ssl=1 768w, https:\/\/i0.wp.com\/cdnoticias.com\/wp-content\/uploads\/2020\/11\/Sauva.jpg?w=1210&amp;ssl=1 1210w\" sizes=\"auto, (max-width: 800px) 100vw, 800px\" \/><\/p>\n<p>&nbsp;<\/p>\n<p><strong>Es por ello que caminos vecinales, principalmente aquellos rodeados de canteras y espejos de agua, los favoritos de ciclistas son los que han marcado la hoja de ruta de los investigadores<\/strong>. Obviamente el acento ha estado en la zona cercana a Loma Negra, una elecci\u00f3n predecible u obvia teniendo en cuenta el \u00faltimo recorrido que se le pudo ver.<\/p>\n<p>&nbsp;<\/p>\n<p><img data-recalc-dims=\"1\" loading=\"lazy\" decoding=\"async\" class=\"alignnone size-large wp-image-5837\" src=\"https:\/\/i0.wp.com\/cdnoticias.com\/wp-content\/uploads\/2020\/11\/tapaa-policia-6.jpg?resize=800%2C465&#038;ssl=1\" alt=\"\" width=\"800\" height=\"465\" srcset=\"https:\/\/i0.wp.com\/cdnoticias.com\/wp-content\/uploads\/2020\/11\/tapaa-policia-6.jpg?resize=1024%2C595&amp;ssl=1 1024w, https:\/\/i0.wp.com\/cdnoticias.com\/wp-content\/uploads\/2020\/11\/tapaa-policia-6.jpg?resize=300%2C174&amp;ssl=1 300w, https:\/\/i0.wp.com\/cdnoticias.com\/wp-content\/uploads\/2020\/11\/tapaa-policia-6.jpg?resize=768%2C447&amp;ssl=1 768w, https:\/\/i0.wp.com\/cdnoticias.com\/wp-content\/uploads\/2020\/11\/tapaa-policia-6.jpg?w=1032&amp;ssl=1 1032w\" sizes=\"auto, (max-width: 800px) 100vw, 800px\" \/><\/p>\n<p>&nbsp;<\/p>\n<p><a href=\"https:\/\/cdnoticias.com\/index.php\/2020\/11\/06\/nuevas-medidas-de-rastrillaje-para-dar-con-jonatan-torres\/\" target=\"_blank\" rel=\"noopener\">Es por ello que este viernes se volvi\u00f3 a ese sitio<\/a>, nuevamente con el aporte de buzos t\u00e1cticos de bomberos voluntarios,<a href=\"https:\/\/cdnoticias.com\/index.php\/2020\/11\/05\/la-busqueda-de-jonatan-avanzo-sobre-las-aguas-de-la-cantera-la-providencia\/\" target=\"_blank\" rel=\"noopener\"> tal cual sucedi\u00f3 el jueves en la cava inundada de la cantera La Providencia<\/a>. Esta vez fue en la <strong>cantera San Andr\u00e9s, en tareas que contaron con el complemento de rastrillajes llevados a cabo por personal policial de distintas dependencias locales, todos ellos encabezados por el comisario Roberto Landoni, titular de la Estaci\u00f3n de Polic\u00eda Departamental Olavarr\u00eda.<\/strong><\/p>\n<p>&nbsp;<\/p>\n<p><img data-recalc-dims=\"1\" loading=\"lazy\" decoding=\"async\" class=\"alignnone size-large wp-image-5745\" src=\"https:\/\/i0.wp.com\/cdnoticias.com\/wp-content\/uploads\/2020\/11\/busquedalaprovidencia4.jpg?resize=800%2C600&#038;ssl=1\" alt=\"\" width=\"800\" height=\"600\" srcset=\"https:\/\/i0.wp.com\/cdnoticias.com\/wp-content\/uploads\/2020\/11\/busquedalaprovidencia4.jpg?resize=1024%2C768&amp;ssl=1 1024w, https:\/\/i0.wp.com\/cdnoticias.com\/wp-content\/uploads\/2020\/11\/busquedalaprovidencia4.jpg?resize=300%2C225&amp;ssl=1 300w, https:\/\/i0.wp.com\/cdnoticias.com\/wp-content\/uploads\/2020\/11\/busquedalaprovidencia4.jpg?resize=768%2C576&amp;ssl=1 768w, https:\/\/i0.wp.com\/cdnoticias.com\/wp-content\/uploads\/2020\/11\/busquedalaprovidencia4.jpg?w=1280&amp;ssl=1 1280w\" sizes=\"auto, (max-width: 800px) 100vw, 800px\" \/><\/p>\n<p>&nbsp;<\/p>\n<p>Vale destacar que<strong> la causa cuenta con la direcci\u00f3n de la fiscal Paula Serrano y que de manera paralela la SubDDI local se encuentra llevando a cabo otra serie de averiguaciones y diligencias<\/strong> en b\u00fasqueda de elementos que permitan establecer el joven que cursaba sus estudios de agrimensura en la Facultad de Ingener\u00eda local.<\/p>\n<p>&nbsp;<\/p>\n<p><img data-recalc-dims=\"1\" loading=\"lazy\" decoding=\"async\" class=\"alignnone size-large wp-image-5875\" src=\"https:\/\/i0.wp.com\/cdnoticias.com\/wp-content\/uploads\/2020\/11\/WhatsApp-Image-2020-11-06-at-7.52.35-PM.jpeg?resize=800%2C450&#038;ssl=1\" alt=\"\" width=\"800\" height=\"450\" srcset=\"https:\/\/i0.wp.com\/cdnoticias.com\/wp-content\/uploads\/2020\/11\/WhatsApp-Image-2020-11-06-at-7.52.35-PM.jpeg?resize=1024%2C576&amp;ssl=1 1024w, https:\/\/i0.wp.com\/cdnoticias.com\/wp-content\/uploads\/2020\/11\/WhatsApp-Image-2020-11-06-at-7.52.35-PM.jpeg?resize=300%2C169&amp;ssl=1 300w, https:\/\/i0.wp.com\/cdnoticias.com\/wp-content\/uploads\/2020\/11\/WhatsApp-Image-2020-11-06-at-7.52.35-PM.jpeg?resize=768%2C432&amp;ssl=1 768w, https:\/\/i0.wp.com\/cdnoticias.com\/wp-content\/uploads\/2020\/11\/WhatsApp-Image-2020-11-06-at-7.52.35-PM.jpeg?w=1280&amp;ssl=1 1280w\" sizes=\"auto, (max-width: 800px) 100vw, 800px\" \/><\/p>\n<p>&nbsp;<\/p>\n<p><strong>En el inicio de la tarde de este viernes todo se focaliz\u00f3 en la zona de Sierra Chica, otro de los sitios que Torres sol\u00eda frecuentar en su bicicleta<\/strong>. Se trat\u00f3 del parque La Hormiga, la denominada cantera negra, el predio de la firma Galasur y tambi\u00e9n la laguna del Club N\u00e1utico, conocido tambi\u00e9n como \u201cel laguito\u201d. All\u00ed se cont\u00f3 adem\u00e1s con el aporte del drone de Defensa Civil, adem\u00e1s de las recorridas a pie por parte de los agentes de seguridad.<\/p>\n<p>&nbsp;<\/p>\n<p><img data-recalc-dims=\"1\" loading=\"lazy\" decoding=\"async\" class=\"alignnone size-large wp-image-5873\" src=\"https:\/\/i0.wp.com\/cdnoticias.com\/wp-content\/uploads\/2020\/11\/WhatsApp-Image-2020-11-06-at-7.52.33-PM.jpeg?resize=800%2C450&#038;ssl=1\" alt=\"\" width=\"800\" height=\"450\" srcset=\"https:\/\/i0.wp.com\/cdnoticias.com\/wp-content\/uploads\/2020\/11\/WhatsApp-Image-2020-11-06-at-7.52.33-PM.jpeg?resize=1024%2C576&amp;ssl=1 1024w, https:\/\/i0.wp.com\/cdnoticias.com\/wp-content\/uploads\/2020\/11\/WhatsApp-Image-2020-11-06-at-7.52.33-PM.jpeg?resize=300%2C169&amp;ssl=1 300w, https:\/\/i0.wp.com\/cdnoticias.com\/wp-content\/uploads\/2020\/11\/WhatsApp-Image-2020-11-06-at-7.52.33-PM.jpeg?resize=768%2C432&amp;ssl=1 768w, https:\/\/i0.wp.com\/cdnoticias.com\/wp-content\/uploads\/2020\/11\/WhatsApp-Image-2020-11-06-at-7.52.33-PM.jpeg?w=1280&amp;ssl=1 1280w\" sizes=\"auto, (max-width: 800px) 100vw, 800px\" \/><\/p>\n<p>&nbsp;<\/p>\n<p>Lamentablemente el saldo volvi\u00f3 a ser negativo, por lo que los investigadores y funcionarios que conforman el comit\u00e9 de crisis convocado por el comisario Roberto Landoni se encuentran dise\u00f1ando cu\u00e1les ser\u00e1n los pr\u00f3ximos pasos y sitios donde indagar. En ese sentido, <strong>permanece el pedido de colaboraci\u00f3n a la comunidad para que acerque cualquier tipo de informaci\u00f3n que permita ubicar al joven, pudi\u00e9ndolo hacer v\u00eda telef\u00f3nica al 911 o acerc\u00e1ndose a cualquier seccional policial.<\/strong><\/p>\n","protected":false},"excerpt":{"rendered":"<p>Este viernes se volvi\u00f3 a buscar sobre cielo, tierra y agua, pero el saldo volvi\u00f3 a ser negativo. Adem\u00e1s de<\/p>\n","protected":false},"author":3,"featured_media":5874,"comment_status":"closed","ping_status":"closed","sticky":false,"template":"","format":"standard","meta":{"_jetpack_memberships_contains_paid_content":false,"footnotes":""},"categories":[5,1],"tags":[],"class_list":["post-5872","post","type-post","status-publish","format-standard","has-post-thumbnail","hentry","category-informacion-general","category-portada"],"jetpack_featured_media_url":"https:\/\/i0.wp.com\/cdnoticias.com\/wp-content\/uploads\/2020\/11\/WhatsApp-Image-2020-11-06-at-7.52.34-PM.jpeg?fit=1280%2C720&ssl=1","jetpack_sharing_enabled":true,"_links":{"self":[{"href":"https:\/\/cdnoticias.com\/index.php\/wp-json\/wp\/v2\/posts\/5872","targetHints":{"allow":["GET"]}}],"collection":[{"href":"https:\/\/cdnoticias.com\/index.php\/wp-json\/wp\/v2\/posts"}],"about":[{"href":"https:\/\/cdnoticias.com\/index.php\/wp-json\/wp\/v2\/types\/post"}],"author":[{"embeddable":true,"href":"https:\/\/cdnoticias.com\/index.php\/wp-json\/wp\/v2\/users\/3"}],"replies":[{"embeddable":true,"href":"https:\/\/cdnoticias.com\/index.php\/wp-json\/wp\/v2\/comments?post=5872"}],"version-history":[{"count":0,"href":"https:\/\/cdnoticias.com\/index.php\/wp-json\/wp\/v2\/posts\/5872\/revisions"}],"wp:featuredmedia":[{"embeddable":true,"href":"https:\/\/cdnoticias.com\/index.php\/wp-json\/wp\/v2\/media\/5874"}],"wp:attachment":[{"href":"https:\/\/cdnoticias.com\/index.php\/wp-json\/wp\/v2\/media?parent=5872"}],"wp:term":[{"taxonomy":"category","embeddable":true,"href":"https:\/\/cdnoticias.com\/index.php\/wp-json\/wp\/v2\/categories?post=5872"},{"taxonomy":"post_tag","embeddable":true,"href":"https:\/\/cdnoticias.com\/index.php\/wp-json\/wp\/v2\/tags?post=5872"}],"curies":[{"name":"wp","href":"https:\/\/api.w.org\/{rel}","templated":true}]}}