{"id":58589,"date":"2022-06-29T10:51:32","date_gmt":"2022-06-29T13:51:32","guid":{"rendered":"https:\/\/www.centraldenoticias.com.ar\/?p=58589"},"modified":"2022-06-29T10:51:32","modified_gmt":"2022-06-29T13:51:32","slug":"el-colegio-de-psicologos-y-psicologas-prepara-la-jornada-reanudando-la-presencialidad","status":"publish","type":"post","link":"https:\/\/cdnoticias.com\/index.php\/2022\/06\/29\/el-colegio-de-psicologos-y-psicologas-prepara-la-jornada-reanudando-la-presencialidad\/","title":{"rendered":"El Colegio de Psic\u00f3logos y Psic\u00f3logas prepara la Jornada \u201cReanudando la presencialidad\u201d"},"content":{"rendered":"<p>Ser\u00e1 un espacio de encuentro y debate para colegas de todo el Distrito 8. Se realizar\u00e1 el 1 de octubre en Tandil.<!--more--><\/p>\n<hr \/>\n<p>La actual comisi\u00f3n directiva del Colegio de Psic\u00f3logos y Psic\u00f3logas Distrito 8 se encuentra trabajando en la organizaci\u00f3n de una jornada denominada \u201cReanudando la presencialidad\u201d, <strong>destinada a sus matriculados y matriculadas de Tandil, Olavarr\u00eda, Las Flores, Gral. Lamadrid, Rauch, Bol\u00edvar, Gral. Alvear, Tapalqu\u00e9, Laprida y Azul,<\/strong> cabecera del territorio departamental.<\/p>\n<p>&nbsp;<\/p>\n<p>Pandemia, efectos subjetivos e institucionales; incidencia del contexto socio-sanitario en las presentaciones cl\u00ednicas en adultos, atravesamiento de la pandemia y efectos en ni\u00f1os y adolescentes y perspectivas del rol y delimitaci\u00f3n de la funci\u00f3n del psic\u00f3logo en los nuevos contextos son algunas de las tem\u00e1ticas que se abordar\u00e1n en el marco del encuentro que<strong> se llevar\u00e1 a cabo el 1 de octubre en Tandil.\u00a0<\/strong><\/p>\n<p>&nbsp;<\/p>\n<blockquote><p>Luego de las restricciones que se prolongaron durante el ASPO y los meses siguientes de pandemia, la Jornada ser\u00e1 tambi\u00e9n un momento de encuentro, participaci\u00f3n y debate sobre las incumbencias profesionales vinculadas a la agenda prevista.<\/p><\/blockquote>\n<p>&nbsp;<\/p>\n<p>Tambi\u00e9n, en el trascurso de la jornada tendr\u00e1 lugar la primera <strong>jura presencial de nuevos matriculados y matriculadas<\/strong> \u2013alrededor de 50, a la fecha- adem\u00e1s de un <strong>reconocimiento a los colegas que participan en la comisi\u00f3n de Derechos Humanos del Colegio Departamental<\/strong>, que interviene activamente en el acompa\u00f1amiento a v\u00edctimas del juicio que se desarrolla en el TOF de Mar del Plata, por delitos de lesa humanidad cometidos durante la \u00faltima dictadura c\u00edvico-militar, en el circuito represivo conocido como \u201cLa Huerta\u201d.<\/p>\n<p>&nbsp;<\/p>\n<p>El nuevo consejo directivo del Colegio est\u00e1 conformado de la siguiente manera:<\/p>\n<p>&nbsp;<\/p>\n<p>Presidente: Lic. Marisa Beatriz Mayora (Tandil)<\/p>\n<p>Vicepresidente: Lic. \u00c1ngel Orbea (Tandil)<\/p>\n<p>Secretaria General: Lic. Patricia Anal\u00eda Cano (Azul)<\/p>\n<p>Tesorera: Lic. Adriana Oxoby (Azul)<\/p>\n<p>Secretaria de Actas: Lic. Claudia Alejandra Oliveto (Olavarr\u00eda)<\/p>\n<p>Pro Secretaria: Lic. Luciana Gatti (Azul)<\/p>\n<p>Vocales Titulares: Lic. Ver\u00f3nica Julia Khazandjian (Las Flores) y Lic. Elsa Alicia C\u00faccaro (Azul)<\/p>\n<p>Vocales Suplentes: Lic. Juan Cruz Garc\u00eda Occhi (Olavarr\u00eda); Lic. Ana Mar\u00eda Loustau (Azul); Lic. Manuela Ponce (Tandil); Lic. Sebasti\u00e1n Acu\u00f1a (General Lamadrid); Lic. Sof\u00eda Macaluso (Azul) y Lic. Carolina De Paula (Azul).<\/p>\n<p>&nbsp;<\/p>\n<p>Tribunal de Disciplina<\/p>\n<p>Presidente: Lic. Graciela Susana Evangelista (Tapalqu\u00e9)<\/p>\n<p>Vicepresidente: Lic. Gabriela Vanesa Galasso (Azul)<\/p>\n<p>Secretaria de actas: Lic. Nora Elena Bolajuzon (Azul)<\/p>\n<p>Vocales titulares: Lic. Mar\u00eda Fernanda Pugni (Azul) y Lic. Mar\u00eda Eugenia Hohl (Azul)<\/p>\n<p>&nbsp;<\/p>\n<p><strong>Nuevos canales de comunicaci\u00f3n<\/strong><\/p>\n<p>Desde el Colegio de Psic\u00f3logos y Psic\u00f3logas Distrito VIII, se informan tambi\u00e9n los nuevos canales de comunicaci\u00f3n:<\/p>\n<p>Web: www.colegiodepsicologosdistrito8.org.ar<\/p>\n<p>Mails: secretaria@colegiodepsicologosdistrito8.org.ar; contable@colegiodepsicologosdistrito8.org.ar;<\/p>\n<p>obrasociales@colegiodepsicologosdistrito8.org.ar<\/p>\n<p>Redes sociales: @colegiopsicologos.distritoviii (Instagram).<\/p>\n<p>colegiopsicologos.distritoviii (Facebook)<\/p>\n","protected":false},"excerpt":{"rendered":"<p>Ser\u00e1 un espacio de encuentro y debate para colegas de todo el Distrito 8. Se realizar\u00e1 el 1 de octubre<\/p>\n","protected":false},"author":5,"featured_media":58590,"comment_status":"closed","ping_status":"closed","sticky":false,"template":"","format":"standard","meta":{"_jetpack_memberships_contains_paid_content":false,"footnotes":""},"categories":[6],"tags":[],"class_list":["post-58589","post","type-post","status-publish","format-standard","has-post-thumbnail","hentry","category-nacionales"],"jetpack_featured_media_url":"https:\/\/i0.wp.com\/cdnoticias.com\/wp-content\/uploads\/2022\/06\/colegio-psicologos.jpg?fit=1038%2C623&ssl=1","jetpack_sharing_enabled":true,"_links":{"self":[{"href":"https:\/\/cdnoticias.com\/index.php\/wp-json\/wp\/v2\/posts\/58589","targetHints":{"allow":["GET"]}}],"collection":[{"href":"https:\/\/cdnoticias.com\/index.php\/wp-json\/wp\/v2\/posts"}],"about":[{"href":"https:\/\/cdnoticias.com\/index.php\/wp-json\/wp\/v2\/types\/post"}],"author":[{"embeddable":true,"href":"https:\/\/cdnoticias.com\/index.php\/wp-json\/wp\/v2\/users\/5"}],"replies":[{"embeddable":true,"href":"https:\/\/cdnoticias.com\/index.php\/wp-json\/wp\/v2\/comments?post=58589"}],"version-history":[{"count":0,"href":"https:\/\/cdnoticias.com\/index.php\/wp-json\/wp\/v2\/posts\/58589\/revisions"}],"wp:featuredmedia":[{"embeddable":true,"href":"https:\/\/cdnoticias.com\/index.php\/wp-json\/wp\/v2\/media\/58590"}],"wp:attachment":[{"href":"https:\/\/cdnoticias.com\/index.php\/wp-json\/wp\/v2\/media?parent=58589"}],"wp:term":[{"taxonomy":"category","embeddable":true,"href":"https:\/\/cdnoticias.com\/index.php\/wp-json\/wp\/v2\/categories?post=58589"},{"taxonomy":"post_tag","embeddable":true,"href":"https:\/\/cdnoticias.com\/index.php\/wp-json\/wp\/v2\/tags?post=58589"}],"curies":[{"name":"wp","href":"https:\/\/api.w.org\/{rel}","templated":true}]}}