{"id":58583,"date":"2022-06-29T10:12:32","date_gmt":"2022-06-29T13:12:32","guid":{"rendered":"https:\/\/www.centraldenoticias.com.ar\/?p=58583"},"modified":"2022-06-29T10:12:32","modified_gmt":"2022-06-29T13:12:32","slug":"diputados-avanza-en-proyecto-de-ley-de-industria-automotriz","status":"publish","type":"post","link":"https:\/\/cdnoticias.com\/index.php\/2022\/06\/29\/diputados-avanza-en-proyecto-de-ley-de-industria-automotriz\/","title":{"rendered":"Diputados avanza en proyecto de ley de Industria Automotriz"},"content":{"rendered":"<p>La norma contempla beneficios para el sector e integraci\u00f3n de componentes locales.<!--more--><\/p>\n<hr \/>\n<p>En una reuni\u00f3n conjunta, las comisiones de Industria, Presupuesto y Hacienda, trabajaron en el proyecto de ley de <strong>\u201cPromoci\u00f3n de Inversiones en la Industria Automotriz, Autopartista y su Cadena de Valor\u201d<\/strong>, enviado por el Ejecutivo, que prev\u00e9 beneficios fiscales para el sector autopartista e integraci\u00f3n de componentes locales.<\/p>\n<p>&nbsp;<\/p>\n<p>Durante la jornada, los legisladores<strong> contemplaron la pluralidad de voces de especialistas de diversos \u00e1mbitos, y dialogaron con funcionarios del poder ejecutivo, empresarios del sector y dirigentes sindicales<\/strong>, para tratar la iniciativa que forma parte de la agenda productiva y fomenta la inversi\u00f3n de la industria automotriz.<\/p>\n<p>&nbsp;<\/p>\n<p><strong>Isabel Mart\u00ednez, de la Asociaci\u00f3n de Industriales Metal\u00fargicos de la Rep\u00fablica Argentina (Adimra)<\/strong>, mencion\u00f3 la importancia del encuentro y su permanencia a lo largo del tiempo \u201cPara poder saber hacia d\u00f3nde va el mundo de la industria automotriz y poder acompa\u00f1arlo\u201d.<\/p>\n<p>&nbsp;<\/p>\n<div class=\"jetpack-video-wrapper\"><iframe loading=\"lazy\" title=\"Diputados avanza en proyecto de ley de Industria Automotriz\" width=\"800\" height=\"450\" src=\"https:\/\/www.youtube.com\/embed\/B5LpLA8MG9g?feature=oembed\" frameborder=\"0\" allow=\"accelerometer; autoplay; clipboard-write; encrypted-media; gyroscope; picture-in-picture\" allowfullscreen><\/iframe><\/div>\n<p>&nbsp;<\/p>\n<blockquote><p>\u201cLa industria automotriz es madre de industrias, y tenemos la misma tecnolog\u00eda en el mismo nivel que el mundo\u201d, precis\u00f3 Isabel Mart\u00ednez.<\/p><\/blockquote>\n<p>&nbsp;<\/p>\n<p>Por su parte, <strong>Mar\u00eda Sol Pasqualini, subsecretaria de Tributaci\u00f3n Internacional del Ministerio de Econom\u00eda de la Naci\u00f3n<\/strong>, explic\u00f3: \u201cEste proyecto de ley tiene una mirada estrat\u00e9gica para el sector, que el objetivo fundamental es incentivar las inversiones, y que se radiquen nuevos modelos, nuevas plantas, en el pa\u00eds\u201d.<\/p>\n<p>&nbsp;<\/p>\n<p>En relaci\u00f3n a los consensos que se generaron a partir del proyecto, el<strong> secretario adjunto del Sindicato de Mec\u00e1nicos y Afines del Transporte Automotor (SMATA), Mario Manrique<\/strong>, destac\u00f3: \u201cFue la primera vez en la historia de la industria automotriz que todos los actores nos pudimos reunir en una mesa, y tambi\u00e9n poder construir en conjunto una idea a largo plazo para una industria que es estrat\u00e9gica en el desarrollo de nuestra naci\u00f3n\u201d.<\/p>\n<p>&nbsp;<\/p>\n<p>Del encuentro participaron tambi\u00e9n Julieta Lousteau (Subsecretaria de Industria); Abel Furl\u00e1n, (titular de la Uni\u00f3n Obrera Metal\u00fargica); Claudio Pedreira (Sindicato de textiles); Mart\u00edn Galdeano (Presidente Ford y de la Asociaci\u00f3n de Fabricantes de Automotores); Jorge Lobo (Asimra); Fabio Rozenblum (Vicepresidente AFAC); Santos Doncel Presidente de Iveco); Nicol\u00e1s Abbate (Director Nissan); Mar\u00eda \u00c1ngela Stelzer (Directora As. Corporativos VW); Ver\u00f3nica Niemann (Directora As. Externos Comercio de Mercedes Benz); Paula Camogli (Jefa Asuntos P\u00fablicos Renault), entre otros.<\/p>\n","protected":false},"excerpt":{"rendered":"<p>La norma contempla beneficios para el sector e integraci\u00f3n de componentes locales.<\/p>\n","protected":false},"author":5,"featured_media":52815,"comment_status":"closed","ping_status":"closed","sticky":false,"template":"","format":"standard","meta":{"_jetpack_memberships_contains_paid_content":false,"footnotes":""},"categories":[6,1],"tags":[],"class_list":["post-58583","post","type-post","status-publish","format-standard","has-post-thumbnail","hentry","category-nacionales","category-portada"],"jetpack_featured_media_url":"https:\/\/i0.wp.com\/cdnoticias.com\/wp-content\/uploads\/2022\/04\/diputados.jpg?fit=900%2C506&ssl=1","jetpack_sharing_enabled":true,"_links":{"self":[{"href":"https:\/\/cdnoticias.com\/index.php\/wp-json\/wp\/v2\/posts\/58583","targetHints":{"allow":["GET"]}}],"collection":[{"href":"https:\/\/cdnoticias.com\/index.php\/wp-json\/wp\/v2\/posts"}],"about":[{"href":"https:\/\/cdnoticias.com\/index.php\/wp-json\/wp\/v2\/types\/post"}],"author":[{"embeddable":true,"href":"https:\/\/cdnoticias.com\/index.php\/wp-json\/wp\/v2\/users\/5"}],"replies":[{"embeddable":true,"href":"https:\/\/cdnoticias.com\/index.php\/wp-json\/wp\/v2\/comments?post=58583"}],"version-history":[{"count":0,"href":"https:\/\/cdnoticias.com\/index.php\/wp-json\/wp\/v2\/posts\/58583\/revisions"}],"wp:featuredmedia":[{"embeddable":true,"href":"https:\/\/cdnoticias.com\/index.php\/wp-json\/wp\/v2\/media\/52815"}],"wp:attachment":[{"href":"https:\/\/cdnoticias.com\/index.php\/wp-json\/wp\/v2\/media?parent=58583"}],"wp:term":[{"taxonomy":"category","embeddable":true,"href":"https:\/\/cdnoticias.com\/index.php\/wp-json\/wp\/v2\/categories?post=58583"},{"taxonomy":"post_tag","embeddable":true,"href":"https:\/\/cdnoticias.com\/index.php\/wp-json\/wp\/v2\/tags?post=58583"}],"curies":[{"name":"wp","href":"https:\/\/api.w.org\/{rel}","templated":true}]}}