{"id":58575,"date":"2022-06-29T08:38:48","date_gmt":"2022-06-29T11:38:48","guid":{"rendered":"https:\/\/www.centraldenoticias.com.ar\/?p=58575"},"modified":"2022-06-29T09:38:39","modified_gmt":"2022-06-29T12:38:39","slug":"tandil-explosion-e-incendio-arrasaron-con-un-local-gastronomico","status":"publish","type":"post","link":"https:\/\/cdnoticias.com\/index.php\/2022\/06\/29\/tandil-explosion-e-incendio-arrasaron-con-un-local-gastronomico\/","title":{"rendered":"Tandil: explosi\u00f3n e incendio arrasaron con un local gastron\u00f3mico"},"content":{"rendered":"<p>El caso ocurri\u00f3 en los primeros minutos de este mi\u00e9rcoles. No hubo heridos. El local hab\u00eda sido inaugurado hace dos d\u00edas.<!--more--><\/p>\n<hr \/>\n<p>Un impactante siniestro se dio en la localidad de <strong>Tandil<\/strong>: <strong>explot\u00f3 y se incendi\u00f3 un local comercial<\/strong>. El caso se dio en la planta baja de un edificio, en una esquina sobre avenida Brasil al 200, hacia las 0.30 de este mi\u00e9rcoles.<\/p>\n<p>&nbsp;<\/p>\n<p>El comercio es una sucursal de una firma del rubro pasteler\u00eda y <strong>se hab\u00eda inaugurado hac\u00eda solo dos d\u00edas<\/strong>.<\/p>\n<p>&nbsp;<\/p>\n<p><img data-recalc-dims=\"1\" loading=\"lazy\" decoding=\"async\" class=\"size-full wp-image-58577 aligncenter\" src=\"https:\/\/i0.wp.com\/cdnoticias.com\/wp-content\/uploads\/2022\/06\/EL-DIARIO-DE-TANDIL-explosion-tandil-1.jpeg?resize=800%2C450&#038;ssl=1\" alt=\"\" width=\"800\" height=\"450\" srcset=\"https:\/\/i0.wp.com\/cdnoticias.com\/wp-content\/uploads\/2022\/06\/EL-DIARIO-DE-TANDIL-explosion-tandil-1.jpeg?w=848&amp;ssl=1 848w, https:\/\/i0.wp.com\/cdnoticias.com\/wp-content\/uploads\/2022\/06\/EL-DIARIO-DE-TANDIL-explosion-tandil-1.jpeg?resize=300%2C169&amp;ssl=1 300w, https:\/\/i0.wp.com\/cdnoticias.com\/wp-content\/uploads\/2022\/06\/EL-DIARIO-DE-TANDIL-explosion-tandil-1.jpeg?resize=768%2C432&amp;ssl=1 768w\" sizes=\"auto, (max-width: 800px) 100vw, 800px\" \/><\/p>\n<p>&nbsp;<\/p>\n<p>Una <strong>dotaci\u00f3n de Bomberos del Cuartel Central<\/strong> trabaj\u00f3 en el lugar para controlar el incendio que se gener\u00f3 tras el estallido. <strong>Los da\u00f1os fueron totales en el comercio: volaron aberturas, mobiliario y dem\u00e1s elementos que hacen a la construcci\u00f3n<\/strong>.<\/p>\n<p>&nbsp;<\/p>\n<p>Adem\u00e1s, <strong>restos de una ventana y una reja impactaron y da\u00f1aron un auto que estaba estacionado<\/strong> sin ocupantes sobre la avenida.<\/p>\n<p>&nbsp;<\/p>\n<p>De acuerdo a la informaci\u00f3n preliminar aportada por Bomberos, <strong>no se registraron heridos dado que el local estaba cerrado y el edificio est\u00e1 inhabitado<\/strong> en sus plantas superiores.<\/p>\n<p>&nbsp;<\/p>\n<p><img data-recalc-dims=\"1\" loading=\"lazy\" decoding=\"async\" class=\"size-full wp-image-58578 aligncenter\" src=\"https:\/\/i0.wp.com\/cdnoticias.com\/wp-content\/uploads\/2022\/06\/EL-DIARIO-DE-TANDIL-explosion-tandil-3.jpeg?resize=800%2C450&#038;ssl=1\" alt=\"\" width=\"800\" height=\"450\" srcset=\"https:\/\/i0.wp.com\/cdnoticias.com\/wp-content\/uploads\/2022\/06\/EL-DIARIO-DE-TANDIL-explosion-tandil-3.jpeg?w=848&amp;ssl=1 848w, https:\/\/i0.wp.com\/cdnoticias.com\/wp-content\/uploads\/2022\/06\/EL-DIARIO-DE-TANDIL-explosion-tandil-3.jpeg?resize=300%2C169&amp;ssl=1 300w, https:\/\/i0.wp.com\/cdnoticias.com\/wp-content\/uploads\/2022\/06\/EL-DIARIO-DE-TANDIL-explosion-tandil-3.jpeg?resize=768%2C432&amp;ssl=1 768w\" sizes=\"auto, (max-width: 800px) 100vw, 800px\" \/><\/p>\n<p>&nbsp;<\/p>\n<p>&nbsp;<\/p>\n<blockquote><p>Si bien restan las pericias de rigor, se estim\u00f3 que una fuga de gas en el sector de la cocina, ocasion\u00f3 la fuerte explosi\u00f3n que se sinti\u00f3 en varios sectores de Tandil.<\/p><\/blockquote>\n<p>&nbsp;<\/p>\n<p>Adem\u00e1s de Bomberos, intervinieron en el operativo de seguridad <strong>Polic\u00eda, SAME, la Usina de Tandil<\/strong> (prestadora del servicio el\u00e9ctrico) y <strong>Camuzzi<\/strong>.<\/p>\n<p>&nbsp;<\/p>\n<p>Fuente y fotos: <em>El diario de Tandil, ABC Hoy y La Voz de Tandil<\/em><\/p>\n","protected":false},"excerpt":{"rendered":"<p>El caso ocurri\u00f3 en los primeros minutos de este mi\u00e9rcoles. No hubo heridos. El local hab\u00eda sido inaugurado hace dos<\/p>\n","protected":false},"author":4,"featured_media":58576,"comment_status":"closed","ping_status":"closed","sticky":false,"template":"","format":"standard","meta":{"_jetpack_memberships_contains_paid_content":false,"footnotes":""},"categories":[6,1],"tags":[],"class_list":["post-58575","post","type-post","status-publish","format-standard","has-post-thumbnail","hentry","category-nacionales","category-portada"],"jetpack_featured_media_url":"https:\/\/i0.wp.com\/cdnoticias.com\/wp-content\/uploads\/2022\/06\/EL-DIARIO-DE-TANDIL-explosion-tandil-2.jpeg?fit=848%2C477&ssl=1","jetpack_sharing_enabled":true,"_links":{"self":[{"href":"https:\/\/cdnoticias.com\/index.php\/wp-json\/wp\/v2\/posts\/58575","targetHints":{"allow":["GET"]}}],"collection":[{"href":"https:\/\/cdnoticias.com\/index.php\/wp-json\/wp\/v2\/posts"}],"about":[{"href":"https:\/\/cdnoticias.com\/index.php\/wp-json\/wp\/v2\/types\/post"}],"author":[{"embeddable":true,"href":"https:\/\/cdnoticias.com\/index.php\/wp-json\/wp\/v2\/users\/4"}],"replies":[{"embeddable":true,"href":"https:\/\/cdnoticias.com\/index.php\/wp-json\/wp\/v2\/comments?post=58575"}],"version-history":[{"count":0,"href":"https:\/\/cdnoticias.com\/index.php\/wp-json\/wp\/v2\/posts\/58575\/revisions"}],"wp:featuredmedia":[{"embeddable":true,"href":"https:\/\/cdnoticias.com\/index.php\/wp-json\/wp\/v2\/media\/58576"}],"wp:attachment":[{"href":"https:\/\/cdnoticias.com\/index.php\/wp-json\/wp\/v2\/media?parent=58575"}],"wp:term":[{"taxonomy":"category","embeddable":true,"href":"https:\/\/cdnoticias.com\/index.php\/wp-json\/wp\/v2\/categories?post=58575"},{"taxonomy":"post_tag","embeddable":true,"href":"https:\/\/cdnoticias.com\/index.php\/wp-json\/wp\/v2\/tags?post=58575"}],"curies":[{"name":"wp","href":"https:\/\/api.w.org\/{rel}","templated":true}]}}