{"id":58567,"date":"2022-06-28T20:54:23","date_gmt":"2022-06-28T23:54:23","guid":{"rendered":"https:\/\/www.centraldenoticias.com.ar\/?p=58567"},"modified":"2022-06-29T08:39:23","modified_gmt":"2022-06-29T11:39:23","slug":"adjudicatarios-del-plan-tuvi-pidieron-apartar-4-viviendas-por-vicios-y-fallas-constructivas","status":"publish","type":"post","link":"https:\/\/cdnoticias.com\/index.php\/2022\/06\/28\/adjudicatarios-del-plan-tuvi-pidieron-apartar-4-viviendas-por-vicios-y-fallas-constructivas\/","title":{"rendered":"Adjudicatarios del Plan TUVI pidieron apartar 4 viviendas por \u201cvicios y fallas constructivas\u201d"},"content":{"rendered":"<p>As\u00ed fue se\u00f1alado en una nota presentada en Obras P\u00fablicas del Municipio con la firma de todos los adjudicatarios. Pidieron mayores controles y denunciaron que en recorridas detectaron \u201ccambios\u201d en el proyecto.<!--more--><\/p>\n<hr \/>\n<p>En una dura nota emitida hacia la Secretar\u00eda de Obras P\u00fablicas del Municipio y al Intendente Galli,<strong> los 14 adjudicatarios del plan prefabricado de viviendas TUVI pidieron descartar 4 viviendas del programa y finalizar otras paralizadas por <em>\u201cvicios y fallas constructivas\u201d<\/em>.<\/strong> Adem\u00e1s, solicitaron una nueva certeza en la reprogramaci\u00f3n de tiempos y detalles en torno al sorteo y entrega de llaves.<\/p>\n<p>&nbsp;<\/p>\n<p>Se\u00f1alaron, en la extensa nota, que fue<em> \u201cdialogado y concluido entre los vecinos que hemos sido seleccionados\u201d<\/em> que tras la finalizaci\u00f3n de la construcci\u00f3n de las viviendas se realice un <em>\u201cseguimiento y controles peri\u00f3dicos en el avance y ejecuci\u00f3n de las tareas, velando por la calidad y cumplimiento de condiciones detalladas en Pliego, memorias t\u00e9cnicas \/ descriptivas, planos y especificaciones\u201d.<\/em><\/p>\n<p>&nbsp;<\/p>\n<p><img data-recalc-dims=\"1\" loading=\"lazy\" decoding=\"async\" class=\"alignnone size-large wp-image-57465\" src=\"https:\/\/i0.wp.com\/cdnoticias.com\/wp-content\/uploads\/2022\/06\/Obras-Tuvis-1-scaled-1.jpg?resize=800%2C534&#038;ssl=1\" alt=\"\" width=\"800\" height=\"534\" srcset=\"https:\/\/i0.wp.com\/cdnoticias.com\/wp-content\/uploads\/2022\/06\/Obras-Tuvis-1-scaled-1.jpg?resize=1024%2C684&amp;ssl=1 1024w, https:\/\/i0.wp.com\/cdnoticias.com\/wp-content\/uploads\/2022\/06\/Obras-Tuvis-1-scaled-1.jpg?resize=300%2C201&amp;ssl=1 300w, https:\/\/i0.wp.com\/cdnoticias.com\/wp-content\/uploads\/2022\/06\/Obras-Tuvis-1-scaled-1.jpg?resize=768%2C513&amp;ssl=1 768w, https:\/\/i0.wp.com\/cdnoticias.com\/wp-content\/uploads\/2022\/06\/Obras-Tuvis-1-scaled-1.jpg?resize=1536%2C1027&amp;ssl=1 1536w, https:\/\/i0.wp.com\/cdnoticias.com\/wp-content\/uploads\/2022\/06\/Obras-Tuvis-1-scaled-1.jpg?resize=2048%2C1369&amp;ssl=1 2048w, https:\/\/i0.wp.com\/cdnoticias.com\/wp-content\/uploads\/2022\/06\/Obras-Tuvis-1-scaled-1.jpg?resize=272%2C182&amp;ssl=1 272w, https:\/\/i0.wp.com\/cdnoticias.com\/wp-content\/uploads\/2022\/06\/Obras-Tuvis-1-scaled-1.jpg?w=1600&amp;ssl=1 1600w, https:\/\/i0.wp.com\/cdnoticias.com\/wp-content\/uploads\/2022\/06\/Obras-Tuvis-1-scaled-1.jpg?w=2400&amp;ssl=1 2400w\" sizes=\"auto, (max-width: 800px) 100vw, 800px\" \/><\/p>\n<p>&nbsp;<\/p>\n<p>En este punto, <strong>denunciaron que en las recorridas identificaron <em>\u201ccambios en el proyecto, autorizados por la inspecci\u00f3n, que implican el uso de materiales de inferior calidad, soluciones constructivas y terminaciones mal ejecutadas, sin criterio t\u00e9cnico, dejando en evidencia la ausencia de controles\u201d.<\/em><\/strong> Por este punto, pidieron que se informen los cambios autorizados.<\/p>\n<p>&nbsp;<\/p>\n<p>Adem\u00e1s, <strong>solicitaron un nuevo cronograma actualizado<\/strong> teniendo en cuenta <em>\u201cel atraso general acumulado\u201d.<\/em> Explicaron que <em>\u201ces indispensable que la firma contratista asigne recursos para cumplir con los plazos. La misma informa que dispone solo de 10 personas (en la totalidad de rubros) para la construcci\u00f3n de 20 viviendas\u201d.<\/em> <strong>Solicitaron se precisen fechas \u201ctentativas\u201d para el acto de sorteo y entrega de llaves.<\/strong><\/p>\n<p>&nbsp;<\/p>\n<p>En el punto n\u00famero 2 apareci\u00f3 la denuncia m\u00e1s dura: <strong><em>\u201chabida cuenta de que el programa cuenta con un total de 14 adjudicatarios y la licitaci\u00f3n de obra fue por la construcci\u00f3n de 20 viviendas, solicitamos que queden fuera del proceso de sorteo las primeras 4 viviendas levantadas sobre calle 9-Bis\u201d.<\/em><\/strong> Se explic\u00f3 que esas construcciones, para los adjudicatarios, <strong><em>\u201carrastran vicios y fallas constructivas desde el comienzo, mencionado por responsables de la contratista y certificado en cada visita a obra\u201d.<\/em><\/strong><\/p>\n<p>&nbsp;<\/p>\n<blockquote><p>Para reemplazar estas 4 viviendas, pidieron que se designen \u201ctiempos y recursos\u201d para que se avance en 4 de las 6 construcciones paralizadas en la etapa de plateas, y as\u00ed \u201cgarantizar igualdad de condiciones para los adjudicatarios y evitar la extensi\u00f3n de tiempos en reparaciones\u201d.<\/p><\/blockquote>\n<p>&nbsp;<\/p>\n<p>Tambi\u00e9n solicitaron que, entendiendo que no se cumplieron los plazos, <em>\u201csolicitamos que se respete el valor de cuota inicial que nos fue informado a los postulantes al momento de la inscripci\u00f3n. De lo contrario, nos ver\u00edamos afectados con una actualizaci\u00f3n de montos por un atraso que excede a nuestra responsabilidad\u201d<\/em> que se agravar\u00eda<em> \u201cteniendo en cuenta los cr\u00e9ditos tomados, alquileres pagados, etc\u201d.<\/em><\/p>\n<p>&nbsp;<\/p>\n<p><img data-recalc-dims=\"1\" loading=\"lazy\" decoding=\"async\" class=\"alignnone size-large wp-image-54299\" src=\"https:\/\/i0.wp.com\/cdnoticias.com\/wp-content\/uploads\/2022\/05\/tuvi-industria3.jpg?resize=800%2C480&#038;ssl=1\" alt=\"\" width=\"800\" height=\"480\" srcset=\"https:\/\/i0.wp.com\/cdnoticias.com\/wp-content\/uploads\/2022\/05\/tuvi-industria3.jpg?resize=1024%2C614&amp;ssl=1 1024w, https:\/\/i0.wp.com\/cdnoticias.com\/wp-content\/uploads\/2022\/05\/tuvi-industria3.jpg?resize=300%2C180&amp;ssl=1 300w, https:\/\/i0.wp.com\/cdnoticias.com\/wp-content\/uploads\/2022\/05\/tuvi-industria3.jpg?resize=768%2C461&amp;ssl=1 768w, https:\/\/i0.wp.com\/cdnoticias.com\/wp-content\/uploads\/2022\/05\/tuvi-industria3.jpg?w=1280&amp;ssl=1 1280w\" sizes=\"auto, (max-width: 800px) 100vw, 800px\" \/><\/p>\n<p>&nbsp;<\/p>\n<p>Acusaron de que<em> \u201clas caracter\u00edsticas constructivas no respetan los est\u00e1ndares y criterios de una vivienda industrializada de Wood Frame, seg\u00fan NORMAS IRAM y Reglamento CIRSOC 601, y no se han respetado las condiciones de acopio de material; fabricaci\u00f3n en taller y montaje in-situ\u201d<\/em> y sumado a falencias de los materiales y su exposici\u00f3n, <strong><em>\u201csolicitamos que el Municipio y firma contratista realicen una extensi\u00f3n de los plazos de garant\u00eda a 36 meses (3 a\u00f1os) desde el acto de entregas de llaves\u201d.<\/em> <\/strong>Esa garant\u00eda<em> \u201cdeber\u00eda ser emitida por el Municipio de Olavarr\u00eda independientemente del cumplimiento, o no, por parte de la firma que el Ejecutivo oportunamente optase contratar para la ejecuci\u00f3n de obra\u201d.<\/em><\/p>\n<p>&nbsp;<\/p>\n<blockquote><p>Insistieron en que<strong> haya una \u201cplanificaci\u00f3n de recorridos\u201d quincenal<\/strong> en presencia de Inspecci\u00f3n de Obra Municipal, Representante T\u00e9cnico de la firma contratista, y dos vecinos adjudicatarios del programa. <em>\u201cDe dicho recorrido, deber\u00eda concluir una minuta de reuni\u00f3n y lista de observaciones y anomal\u00edas relevadas\u201d.<\/em><\/p><\/blockquote>\n<p>&nbsp;<\/p>\n<p>Finalmente, pidieron que, una vez llevado a cabo el sorteo, los adjudicatarios puedan <em>\u201crecorrer la propiedad que se le ha asignado en presencia de Inspecci\u00f3n de Obra Municipal y Representante de firma contratista, marc\u00e1ndose las observaciones, no conformidades o desv\u00edo a especificaciones t\u00e9cnicas, y que la correcci\u00f3n total de estas implique reci\u00e9n la recepci\u00f3n definitiva, habilitando entonces a la entrega de llaves\u201d.<\/em><\/p>\n<p>&nbsp;<\/p>\n","protected":false},"excerpt":{"rendered":"<p>As\u00ed fue se\u00f1alado en una nota presentada en Obras P\u00fablicas del Municipio con la firma de todos los adjudicatarios. Pidieron<\/p>\n","protected":false},"author":2,"featured_media":54297,"comment_status":"closed","ping_status":"closed","sticky":false,"template":"","format":"standard","meta":{"_jetpack_memberships_contains_paid_content":false,"footnotes":""},"categories":[5,1],"tags":[],"class_list":["post-58567","post","type-post","status-publish","format-standard","has-post-thumbnail","hentry","category-informacion-general","category-portada"],"jetpack_featured_media_url":"https:\/\/i0.wp.com\/cdnoticias.com\/wp-content\/uploads\/2022\/05\/tuvi-industria1.jpg?fit=1280%2C768&ssl=1","jetpack_sharing_enabled":true,"_links":{"self":[{"href":"https:\/\/cdnoticias.com\/index.php\/wp-json\/wp\/v2\/posts\/58567","targetHints":{"allow":["GET"]}}],"collection":[{"href":"https:\/\/cdnoticias.com\/index.php\/wp-json\/wp\/v2\/posts"}],"about":[{"href":"https:\/\/cdnoticias.com\/index.php\/wp-json\/wp\/v2\/types\/post"}],"author":[{"embeddable":true,"href":"https:\/\/cdnoticias.com\/index.php\/wp-json\/wp\/v2\/users\/2"}],"replies":[{"embeddable":true,"href":"https:\/\/cdnoticias.com\/index.php\/wp-json\/wp\/v2\/comments?post=58567"}],"version-history":[{"count":0,"href":"https:\/\/cdnoticias.com\/index.php\/wp-json\/wp\/v2\/posts\/58567\/revisions"}],"wp:featuredmedia":[{"embeddable":true,"href":"https:\/\/cdnoticias.com\/index.php\/wp-json\/wp\/v2\/media\/54297"}],"wp:attachment":[{"href":"https:\/\/cdnoticias.com\/index.php\/wp-json\/wp\/v2\/media?parent=58567"}],"wp:term":[{"taxonomy":"category","embeddable":true,"href":"https:\/\/cdnoticias.com\/index.php\/wp-json\/wp\/v2\/categories?post=58567"},{"taxonomy":"post_tag","embeddable":true,"href":"https:\/\/cdnoticias.com\/index.php\/wp-json\/wp\/v2\/tags?post=58567"}],"curies":[{"name":"wp","href":"https:\/\/api.w.org\/{rel}","templated":true}]}}