{"id":58554,"date":"2022-06-28T18:34:30","date_gmt":"2022-06-28T21:34:30","guid":{"rendered":"https:\/\/www.centraldenoticias.com.ar\/?p=58554"},"modified":"2022-06-28T20:54:33","modified_gmt":"2022-06-28T23:54:33","slug":"con-importante-convocatoria-las-calles-de-olavarria-mostraron-su-orgullo-lgtbiq","status":"publish","type":"post","link":"https:\/\/cdnoticias.com\/index.php\/2022\/06\/28\/con-importante-convocatoria-las-calles-de-olavarria-mostraron-su-orgullo-lgtbiq\/","title":{"rendered":"Con importante convocatoria, las calles de Olavarr\u00eda mostraron su orgullo LGTBIQ+"},"content":{"rendered":"<p>Una importante columna de manifestantes colmaron las calles c\u00e9ntricas de la ciudad con m\u00fasica, pedidos y manifestaciones. Todo continuar\u00e1 en el Centro Cultural Universitario. <!--more--><\/p>\n<hr \/>\n<p>En la tarde de este martes,<strong> las calles de Olavarr\u00eda se llenaron de color, m\u00fasica, festividad pero tambi\u00e9n reclamos y pedidos de Justicia: se desarroll\u00f3 la marcha por el D\u00eda Internacional del Orgullo LGTBIQ+.<\/strong><\/p>\n<p>&nbsp;<\/p>\n<p>Agrupaciones pol\u00edticas, sociales, j\u00f3venes, y manifestantes se concentraron durante una hora en el Paseo Jes\u00fas Mend\u00eda para <strong>llenar de colorido el centro de la ciudad, con una columna que superaba la cuadra y media de asistentes.<\/strong><\/p>\n<p>&nbsp;<\/p>\n<p><img data-recalc-dims=\"1\" loading=\"lazy\" decoding=\"async\" class=\"alignnone size-large wp-image-58557\" src=\"https:\/\/i0.wp.com\/cdnoticias.com\/wp-content\/uploads\/2022\/06\/marcha-orgullo-2022-2.jpg?resize=800%2C480&#038;ssl=1\" alt=\"\" width=\"800\" height=\"480\" srcset=\"https:\/\/i0.wp.com\/cdnoticias.com\/wp-content\/uploads\/2022\/06\/marcha-orgullo-2022-2.jpg?resize=1024%2C615&amp;ssl=1 1024w, https:\/\/i0.wp.com\/cdnoticias.com\/wp-content\/uploads\/2022\/06\/marcha-orgullo-2022-2.jpg?resize=300%2C180&amp;ssl=1 300w, https:\/\/i0.wp.com\/cdnoticias.com\/wp-content\/uploads\/2022\/06\/marcha-orgullo-2022-2.jpg?resize=768%2C461&amp;ssl=1 768w, https:\/\/i0.wp.com\/cdnoticias.com\/wp-content\/uploads\/2022\/06\/marcha-orgullo-2022-2.jpg?w=1498&amp;ssl=1 1498w\" sizes=\"auto, (max-width: 800px) 100vw, 800px\" \/><\/p>\n<p>&nbsp;<\/p>\n<p>Baile, m\u00fasica, la participaci\u00f3n de Visibilidrag, tambi\u00e9n de Madame L\u00fa, el grito en pedido de la aparici\u00f3n de Tehuel de la Torre, y el<strong> siempre presente pedido de Justicia por Mara Navarro. Al pasar por la Comisar\u00eda Primera, se cant\u00f3<em> \u201cYo sab\u00eda, que a Mara Navarro, la mat\u00f3 la polic\u00eda\u201d.<\/em><\/strong><\/p>\n<p>&nbsp;<\/p>\n<blockquote><p>Aprovecharon el paso para pedir por <strong><em>\u201cESI con perspectiva de g\u00e9nero\u201d<\/em> <\/strong>entre otros pedidos pol\u00edticos.<\/p><\/blockquote>\n<p>&nbsp;<\/p>\n<p>Hubo un env\u00edo de saludos a Chicho T\u00e9rez, quien se encuentra participando de un reality drag en Salta, y tambi\u00e9n un repudio a los dichos transf\u00f3bicos de la conductora Viviana Canosa.<\/p>\n<p>&nbsp;<\/p>\n<p><img data-recalc-dims=\"1\" loading=\"lazy\" decoding=\"async\" class=\"alignnone size-large wp-image-58558\" src=\"https:\/\/i0.wp.com\/cdnoticias.com\/wp-content\/uploads\/2022\/06\/marcha-orgullo-2022-3.jpg?resize=800%2C480&#038;ssl=1\" alt=\"\" width=\"800\" height=\"480\" srcset=\"https:\/\/i0.wp.com\/cdnoticias.com\/wp-content\/uploads\/2022\/06\/marcha-orgullo-2022-3.jpg?resize=1024%2C614&amp;ssl=1 1024w, https:\/\/i0.wp.com\/cdnoticias.com\/wp-content\/uploads\/2022\/06\/marcha-orgullo-2022-3.jpg?resize=300%2C180&amp;ssl=1 300w, https:\/\/i0.wp.com\/cdnoticias.com\/wp-content\/uploads\/2022\/06\/marcha-orgullo-2022-3.jpg?resize=768%2C461&amp;ssl=1 768w, https:\/\/i0.wp.com\/cdnoticias.com\/wp-content\/uploads\/2022\/06\/marcha-orgullo-2022-3.jpg?w=1499&amp;ssl=1 1499w\" sizes=\"auto, (max-width: 800px) 100vw, 800px\" \/><\/p>\n<p>&nbsp;<\/p>\n<p>Participaron integrantes de INADI, el Ministerio de Mujeres de la Provincia, Programa CHE Sida, entre los m\u00e1s destacados. Tambi\u00e9n se pudo observar a la concejal del radicalismo Bel\u00e9n Vergel y otros actores de la pol\u00edtica.<\/p>\n<p>&nbsp;<\/p>\n<p><img data-recalc-dims=\"1\" loading=\"lazy\" decoding=\"async\" class=\"alignnone size-large wp-image-58555\" src=\"https:\/\/i0.wp.com\/cdnoticias.com\/wp-content\/uploads\/2022\/06\/marcha-orgullo-2022.jpg?resize=800%2C480&#038;ssl=1\" alt=\"\" width=\"800\" height=\"480\" srcset=\"https:\/\/i0.wp.com\/cdnoticias.com\/wp-content\/uploads\/2022\/06\/marcha-orgullo-2022.jpg?resize=1024%2C614&amp;ssl=1 1024w, https:\/\/i0.wp.com\/cdnoticias.com\/wp-content\/uploads\/2022\/06\/marcha-orgullo-2022.jpg?resize=300%2C180&amp;ssl=1 300w, https:\/\/i0.wp.com\/cdnoticias.com\/wp-content\/uploads\/2022\/06\/marcha-orgullo-2022.jpg?resize=768%2C461&amp;ssl=1 768w, https:\/\/i0.wp.com\/cdnoticias.com\/wp-content\/uploads\/2022\/06\/marcha-orgullo-2022.jpg?w=1499&amp;ssl=1 1499w\" sizes=\"auto, (max-width: 800px) 100vw, 800px\" \/><\/p>\n<p>&nbsp;<\/p>\n<p>Tras recorrer el centro y la zona del Parque Mitre, <strong>la columna lleg\u00f3 al Centro Cultural Universitario, donde se desarrollar\u00e1n m\u00e1s actividades en el marco del D\u00eda Internacional del Orgullo, que tuvo una importante convocatoria en la ciudad.<\/strong><\/p>\n","protected":false},"excerpt":{"rendered":"<p>Una importante columna de manifestantes colmaron las calles c\u00e9ntricas de la ciudad con m\u00fasica, pedidos y manifestaciones. Todo continuar\u00e1 en<\/p>\n","protected":false},"author":2,"featured_media":58556,"comment_status":"closed","ping_status":"closed","sticky":false,"template":"","format":"standard","meta":{"_jetpack_memberships_contains_paid_content":false,"footnotes":""},"categories":[3,1],"tags":[],"class_list":["post-58554","post","type-post","status-publish","format-standard","has-post-thumbnail","hentry","category-genero","category-portada"],"jetpack_featured_media_url":"https:\/\/i0.wp.com\/cdnoticias.com\/wp-content\/uploads\/2022\/06\/marcha-orgullo-2022-1.jpg?fit=1499%2C899&ssl=1","jetpack_sharing_enabled":true,"_links":{"self":[{"href":"https:\/\/cdnoticias.com\/index.php\/wp-json\/wp\/v2\/posts\/58554","targetHints":{"allow":["GET"]}}],"collection":[{"href":"https:\/\/cdnoticias.com\/index.php\/wp-json\/wp\/v2\/posts"}],"about":[{"href":"https:\/\/cdnoticias.com\/index.php\/wp-json\/wp\/v2\/types\/post"}],"author":[{"embeddable":true,"href":"https:\/\/cdnoticias.com\/index.php\/wp-json\/wp\/v2\/users\/2"}],"replies":[{"embeddable":true,"href":"https:\/\/cdnoticias.com\/index.php\/wp-json\/wp\/v2\/comments?post=58554"}],"version-history":[{"count":0,"href":"https:\/\/cdnoticias.com\/index.php\/wp-json\/wp\/v2\/posts\/58554\/revisions"}],"wp:featuredmedia":[{"embeddable":true,"href":"https:\/\/cdnoticias.com\/index.php\/wp-json\/wp\/v2\/media\/58556"}],"wp:attachment":[{"href":"https:\/\/cdnoticias.com\/index.php\/wp-json\/wp\/v2\/media?parent=58554"}],"wp:term":[{"taxonomy":"category","embeddable":true,"href":"https:\/\/cdnoticias.com\/index.php\/wp-json\/wp\/v2\/categories?post=58554"},{"taxonomy":"post_tag","embeddable":true,"href":"https:\/\/cdnoticias.com\/index.php\/wp-json\/wp\/v2\/tags?post=58554"}],"curies":[{"name":"wp","href":"https:\/\/api.w.org\/{rel}","templated":true}]}}