{"id":58533,"date":"2022-06-28T13:14:26","date_gmt":"2022-06-28T16:14:26","guid":{"rendered":"https:\/\/www.centraldenoticias.com.ar\/?p=58533"},"modified":"2022-06-28T16:39:24","modified_gmt":"2022-06-28T19:39:24","slug":"vacaciones-de-invierno-la-muestra-de-mayor-a-menor-llega-a-olavarria","status":"publish","type":"post","link":"https:\/\/cdnoticias.com\/index.php\/2022\/06\/28\/vacaciones-de-invierno-la-muestra-de-mayor-a-menor-llega-a-olavarria\/","title":{"rendered":"Vacaciones de invierno: la muestra \u201cDe Mayor a Menor\u201d llega a Olavarr\u00eda"},"content":{"rendered":"<p>Se trata de una de las propuestas destacadas para el receso invernal. Comenzar\u00e1 el s\u00e1bado 16 de julio y estar\u00e1 seis semanas en el espacio.<!--more--><\/p>\n<hr \/>\n<p>El Centro Cultural Municipal \u201cSan Jos\u00e9\u201d se convertir\u00e1 en escenario de la<strong> muestra de Museo Barrilete \u201cDe Mayor a Menor\u201d, inspirada en la obra de Chanti.<\/strong> El anuncio fue realizado durante la ma\u00f1ana de este martes en el centro cultural, en una conferencia encabezada por el secretario de Desarrollo Humano y Calidad de Vida Diego Robbiani, el subsecretario de Cultura y Educaci\u00f3n Bruno Cenizo y la directora de Gesti\u00f3n Cultural Agustina Marino.<\/p>\n<p>&nbsp;<\/p>\n<p>\u201c<strong>Nos parece muy interesante la propuesta orientada a la educaci\u00f3n, es interactiva, para compartir con ni\u00f1os y adultos.<\/strong> Los invito a que recorran la obra de Santiago Gonz\u00e1lez Riga \u2018Chanti\u2019, es uno de los artistas n\u00famero uno del pa\u00eds en el mundo de la historieta\u201d, asegur\u00f3 Diego Robbiani.<\/p>\n<p>&nbsp;<\/p>\n<p>\u201cEsta es una de las propuestas m\u00e1s fuertes en el Centro Cultural, la cual adem\u00e1s <strong>est\u00e1 acompa\u00f1ada de otras iniciativas en las que estamos trabajando junto con los equipos de Cultura, Deportes y Desarrollo Social.<\/strong> El objetivo es que los olavarrienses: familia, chicos, todos, puedan disfrutar juntos\u201d, expres\u00f3.<\/p>\n<p>&nbsp;<\/p>\n<p>Bruno Cenizo manifest\u00f3 que \u201c<strong>volvemos a poner una muestra de renombre en el Centro Cultural.<\/strong> Es un esfuerzo importante que hace la Municipalidad para traer una muestra de este nivel. Tambi\u00e9n complementa con otras actividades que vamos a tener en cada uno de los espacios culturales en las localidades y en la ciudad, para que todos los olavarrienses, vecinos y quienes est\u00e1n de vacaciones puedan disfrutar y que la familia se pueda acercar\u201d.<\/p>\n<p>&nbsp;<\/p>\n<p><img data-recalc-dims=\"1\" loading=\"lazy\" decoding=\"async\" class=\"aligncenter size-full wp-image-58535\" src=\"https:\/\/i0.wp.com\/cdnoticias.com\/wp-content\/uploads\/2022\/06\/chanti02.jpg?resize=787%2C590&#038;ssl=1\" alt=\"\" width=\"787\" height=\"590\" srcset=\"https:\/\/i0.wp.com\/cdnoticias.com\/wp-content\/uploads\/2022\/06\/chanti02.jpg?w=787&amp;ssl=1 787w, https:\/\/i0.wp.com\/cdnoticias.com\/wp-content\/uploads\/2022\/06\/chanti02.jpg?resize=300%2C225&amp;ssl=1 300w, https:\/\/i0.wp.com\/cdnoticias.com\/wp-content\/uploads\/2022\/06\/chanti02.jpg?resize=768%2C576&amp;ssl=1 768w\" sizes=\"auto, (max-width: 787px) 100vw, 787px\" \/><\/p>\n<p>&nbsp;<\/p>\n<blockquote><p>\u201cTenemos propuestas en Museo Emiliozzi, Museo D\u00e1maso Arce, en el Bioparque, en el Museo de las Ciencias y en cada una de las localidades, en los espacios culturales olavarrienses que vienen a complementar lo que se trabaja desde el sector privado\u201d, concluy\u00f3 Cenizo.<\/p><\/blockquote>\n<p>&nbsp;<\/p>\n<p>Agustina Marino, directora de Gesti\u00f3n Cultural, resalt\u00f3 que la muestra \u201c<strong>tiene que ver con el v\u00ednculo entre el hermano m\u00e1s grande y el hermano m\u00e1s chico<\/strong>, y a partir de ah\u00ed una construcci\u00f3n desde lo simb\u00f3lico y lo real que vivimos en cada familia, en relaci\u00f3n a los hermanos y v\u00ednculos\u201d.<\/p>\n<p>&nbsp;<\/p>\n<p>\u201cChanti, Santiago, es un ilustrador, dise\u00f1ador gr\u00e1fico, egresado de la Universidad de Cuyo, con una gran trayectoria, sus libros han sido premiados. Esta muestra que viene ac\u00e1, ha sido traducida al catal\u00e1n, y editada en Espa\u00f1a. <strong>Nos vamos a encontrar con una muestra que tambi\u00e9n reviste un car\u00e1cter internacional<\/strong>\u201d, subray\u00f3 la funcionaria.<\/p>\n<p>&nbsp;<\/p>\n<p>Al mismo tiempo, a\u00f1adi\u00f3: \u201cEs una muestra interactiva, educativa, es realmente para disfrutar en nuestra ciudad. Vamos a realizar visitas guiadas a escuelas, los docentes podr\u00e1n inscribirse al mal guiadasccm@olavarria.gov.ar, sino se pueden acercar al Centro Cultural\u201d.<\/p>\n","protected":false},"excerpt":{"rendered":"<p>Se trata de una de las propuestas destacadas para el receso invernal. Comenzar\u00e1 el s\u00e1bado 16 de julio y estar\u00e1<\/p>\n","protected":false},"author":5,"featured_media":58534,"comment_status":"closed","ping_status":"closed","sticky":false,"template":"","format":"standard","meta":{"_jetpack_memberships_contains_paid_content":false,"footnotes":""},"categories":[9,1],"tags":[],"class_list":["post-58533","post","type-post","status-publish","format-standard","has-post-thumbnail","hentry","category-cultura","category-portada"],"jetpack_featured_media_url":"https:\/\/i0.wp.com\/cdnoticias.com\/wp-content\/uploads\/2022\/06\/Cultura-Conf.-Prensa-Chanti-1024x685-1.jpg?fit=1024%2C685&ssl=1","jetpack_sharing_enabled":true,"_links":{"self":[{"href":"https:\/\/cdnoticias.com\/index.php\/wp-json\/wp\/v2\/posts\/58533","targetHints":{"allow":["GET"]}}],"collection":[{"href":"https:\/\/cdnoticias.com\/index.php\/wp-json\/wp\/v2\/posts"}],"about":[{"href":"https:\/\/cdnoticias.com\/index.php\/wp-json\/wp\/v2\/types\/post"}],"author":[{"embeddable":true,"href":"https:\/\/cdnoticias.com\/index.php\/wp-json\/wp\/v2\/users\/5"}],"replies":[{"embeddable":true,"href":"https:\/\/cdnoticias.com\/index.php\/wp-json\/wp\/v2\/comments?post=58533"}],"version-history":[{"count":0,"href":"https:\/\/cdnoticias.com\/index.php\/wp-json\/wp\/v2\/posts\/58533\/revisions"}],"wp:featuredmedia":[{"embeddable":true,"href":"https:\/\/cdnoticias.com\/index.php\/wp-json\/wp\/v2\/media\/58534"}],"wp:attachment":[{"href":"https:\/\/cdnoticias.com\/index.php\/wp-json\/wp\/v2\/media?parent=58533"}],"wp:term":[{"taxonomy":"category","embeddable":true,"href":"https:\/\/cdnoticias.com\/index.php\/wp-json\/wp\/v2\/categories?post=58533"},{"taxonomy":"post_tag","embeddable":true,"href":"https:\/\/cdnoticias.com\/index.php\/wp-json\/wp\/v2\/tags?post=58533"}],"curies":[{"name":"wp","href":"https:\/\/api.w.org\/{rel}","templated":true}]}}