{"id":58515,"date":"2022-06-28T17:15:10","date_gmt":"2022-06-28T20:15:10","guid":{"rendered":"https:\/\/www.centraldenoticias.com.ar\/?p=58515"},"modified":"2022-06-28T17:15:10","modified_gmt":"2022-06-28T20:15:10","slug":"una-mejora-muy-esperada-el-municipio-pavimentara-el-acceso-al-cerro-fortabat","status":"publish","type":"post","link":"https:\/\/cdnoticias.com\/index.php\/2022\/06\/28\/una-mejora-muy-esperada-el-municipio-pavimentara-el-acceso-al-cerro-fortabat\/","title":{"rendered":"Una mejora muy esperada: el Municipio pavimentar\u00e1 el acceso al Cerro Fortabat"},"content":{"rendered":"<p>Se lanz\u00f3 la licitaci\u00f3n por 41 millones. Ezequiel Galli reafirm\u00f3 que la obra se financiar\u00e1 con la venta de lotes a Cementos Avellaneda. El pavimento actual est\u00e1 \u201ctotalmente vencido\u201d.<!--more--><\/p>\n<hr \/>\n<p><strong>\u201cSe pavimentar\u00e1 el acceso a la Escuela de Polic\u00eda y al Cerro Fortabat en Loma Negra\u201d<\/strong> anunci\u00f3 el Municipio para dar a conocer que <strong>el mes que viene se abrir\u00e1 la licitaci\u00f3n p\u00fablica<\/strong> para llevar adelante la obra.<\/p>\n<p>&nbsp;<\/p>\n<p><strong>El presupuesto oficial se fij\u00f3 en 41.600.000 pesos y el plazo previsto para los trabajos es de tres meses<\/strong>. La apertura de propuestas econ\u00f3micas de la licitaci\u00f3n ser\u00e1 el d\u00eda 20 de julio a las 10 horas, en el Palacio San Mart\u00edn.<\/p>\n<p>&nbsp;<\/p>\n<p>Desde el Municipio se inform\u00f3 que l<strong>os pliegos de bases y condiciones<\/strong> se podr\u00e1n consultar en la Direcci\u00f3n de Licitaciones o en la p\u00e1gina web del Municipio<em> www.olavarria.gov.ar<\/em> . Los mismos estar\u00e1n a la venta hasta el 15 de julio.<\/p>\n<p>&nbsp;<\/p>\n<figure id=\"attachment_2561\" aria-describedby=\"caption-attachment-2561\" style=\"width: 800px\" class=\"wp-caption aligncenter\"><img data-recalc-dims=\"1\" loading=\"lazy\" decoding=\"async\" class=\"wp-image-2561 size-large\" src=\"https:\/\/i0.wp.com\/cdnoticias.com\/wp-content\/uploads\/2020\/09\/cerro-fortabat1.jpg?resize=800%2C600&#038;ssl=1\" alt=\"\" width=\"800\" height=\"600\" srcset=\"https:\/\/i0.wp.com\/cdnoticias.com\/wp-content\/uploads\/2020\/09\/cerro-fortabat1.jpg?resize=1024%2C768&amp;ssl=1 1024w, https:\/\/i0.wp.com\/cdnoticias.com\/wp-content\/uploads\/2020\/09\/cerro-fortabat1.jpg?resize=300%2C225&amp;ssl=1 300w, https:\/\/i0.wp.com\/cdnoticias.com\/wp-content\/uploads\/2020\/09\/cerro-fortabat1.jpg?resize=768%2C576&amp;ssl=1 768w, https:\/\/i0.wp.com\/cdnoticias.com\/wp-content\/uploads\/2020\/09\/cerro-fortabat1.jpg?w=1632&amp;ssl=1 1632w\" sizes=\"auto, (max-width: 800px) 100vw, 800px\" \/><figcaption id=\"caption-attachment-2561\" class=\"wp-caption-text\">El Cerro Fortabat es un espacio de esparcimiento para todos los olavarrienses: el acceso.<\/figcaption><\/figure>\n<p>&nbsp;<\/p>\n<p><a href=\"https:\/\/cdnoticias.com\/index.php\/2022\/04\/21\/disfrutaolavarria-el-intendente-anuncio-una-importante-inversion-turistica-en-sierras-bayas\/\" target=\"_blank\" rel=\"noopener\">El intendente Ezequiel Galli hab\u00eda anunciado que estaba en sus planes esta mejora en el mes de abril<\/a>: fue en el lanzamiento llamado \u201c#Disfrut\u00e1Olavarr\u00eda\u201d donde el jefe comunal expuso <strong>las inversiones previstas con los fondos ingresados tras la venta de una calle a Cementos Avellaneda.<\/strong><\/p>\n<p>&nbsp;<\/p>\n<blockquote><p>La operatoria, que<a href=\"https:\/\/cdnoticias.com\/index.php\/2021\/12\/28\/por-mayoria-y-tras-un-extenso-debate-se-aprobo-la-venta-de-lotes-a-cementos-avellaneda\/\" target=\"_blank\" rel=\"noopener\"> se aprob\u00f3 en el HCD en los \u00faltimos d\u00edas de diciembre<\/a>, dej\u00f3 afectados los fondos a propuesta del Ejecutivo. En ese sentido, el Intendente reafirm\u00f3 en un contacto con <strong>Central de Noticias<\/strong> que de all\u00ed surge la financiaci\u00f3n para la repavimentaci\u00f3n y reiter\u00f3: \u201cel 25% es para infraestructura en las localidades\u201d.<\/p><\/blockquote>\n<p>&nbsp;<\/p>\n<p><strong>La obra<\/strong><\/p>\n<p>&nbsp;<\/p>\n<p>En el informe de \u201cmemoria descriptiva\u201d de la obra se indica que se busca mejorar el acceso a la Escuela Juan Vucetich y al cerro Luciano Fortabat con el objetivo de<strong> lograr un \u201cingreso m\u00e1s seguro desde el punto de vista vial a un sector de la localidad de Loma Negra, que es utilizado por toda la comunidad como punto de recreaci\u00f3n y turismo\u201d<\/strong>.<\/p>\n<p>&nbsp;<\/p>\n<figure id=\"attachment_56374\" aria-describedby=\"caption-attachment-56374\" style=\"width: 800px\" class=\"wp-caption aligncenter\"><img data-recalc-dims=\"1\" loading=\"lazy\" decoding=\"async\" class=\"wp-image-56374 size-full\" src=\"https:\/\/i0.wp.com\/cdnoticias.com\/wp-content\/uploads\/2022\/06\/escuela-vucetich-0.jpg?resize=800%2C445&#038;ssl=1\" alt=\"\" width=\"800\" height=\"445\" srcset=\"https:\/\/i0.wp.com\/cdnoticias.com\/wp-content\/uploads\/2022\/06\/escuela-vucetich-0.jpg?w=800&amp;ssl=1 800w, https:\/\/i0.wp.com\/cdnoticias.com\/wp-content\/uploads\/2022\/06\/escuela-vucetich-0.jpg?resize=300%2C167&amp;ssl=1 300w, https:\/\/i0.wp.com\/cdnoticias.com\/wp-content\/uploads\/2022\/06\/escuela-vucetich-0.jpg?resize=768%2C427&amp;ssl=1 768w\" sizes=\"auto, (max-width: 800px) 100vw, 800px\" \/><figcaption id=\"caption-attachment-56374\" class=\"wp-caption-text\">Por el mismo camino de accede a la Escuela de Polic\u00eda.<\/figcaption><\/figure>\n<p>&nbsp;<\/p>\n<blockquote><p>En ese sentido, se tuvo en cuenta que \u201cel acceso se encuentra actualmente con un pavimento asf\u00e1ltico totalmente vencido y en estado de deterioro, que hace muy dificultosa la circulaci\u00f3n vehicular\u201d.<\/p><\/blockquote>\n<p>&nbsp;<\/p>\n<p>En ese marco <strong>esta mejora es sumamente esperada por los vecinos de la localidad de Loma Negra y los usuarios del tramo<\/strong>.<\/p>\n<p>&nbsp;<\/p>\n<p>Acerca de los detalles t\u00e9cnicos de la obra, en el pliego se prev\u00e9 que <em>el paquete estructural del pavimento estar\u00e1 compuesto por una base de tosca de 0,20 metros de espesor, con un pavimento de hormig\u00f3n simple tipo H30 de 15 cent\u00edmetros de espesor. El ancho de la calzada ser\u00e1 de 6,00 metros<\/em>.<\/p>\n","protected":false},"excerpt":{"rendered":"<p>Se lanz\u00f3 la licitaci\u00f3n por 41 millones. Ezequiel Galli reafirm\u00f3 que la obra se financiar\u00e1 con la venta de lotes<\/p>\n","protected":false},"author":4,"featured_media":58519,"comment_status":"closed","ping_status":"closed","sticky":false,"template":"","format":"standard","meta":{"_jetpack_memberships_contains_paid_content":false,"footnotes":""},"categories":[5,1],"tags":[],"class_list":["post-58515","post","type-post","status-publish","format-standard","has-post-thumbnail","hentry","category-informacion-general","category-portada"],"jetpack_featured_media_url":"https:\/\/i0.wp.com\/cdnoticias.com\/wp-content\/uploads\/2022\/06\/licitaciones-municipales.jpg?fit=800%2C445&ssl=1","jetpack_sharing_enabled":true,"_links":{"self":[{"href":"https:\/\/cdnoticias.com\/index.php\/wp-json\/wp\/v2\/posts\/58515","targetHints":{"allow":["GET"]}}],"collection":[{"href":"https:\/\/cdnoticias.com\/index.php\/wp-json\/wp\/v2\/posts"}],"about":[{"href":"https:\/\/cdnoticias.com\/index.php\/wp-json\/wp\/v2\/types\/post"}],"author":[{"embeddable":true,"href":"https:\/\/cdnoticias.com\/index.php\/wp-json\/wp\/v2\/users\/4"}],"replies":[{"embeddable":true,"href":"https:\/\/cdnoticias.com\/index.php\/wp-json\/wp\/v2\/comments?post=58515"}],"version-history":[{"count":0,"href":"https:\/\/cdnoticias.com\/index.php\/wp-json\/wp\/v2\/posts\/58515\/revisions"}],"wp:featuredmedia":[{"embeddable":true,"href":"https:\/\/cdnoticias.com\/index.php\/wp-json\/wp\/v2\/media\/58519"}],"wp:attachment":[{"href":"https:\/\/cdnoticias.com\/index.php\/wp-json\/wp\/v2\/media?parent=58515"}],"wp:term":[{"taxonomy":"category","embeddable":true,"href":"https:\/\/cdnoticias.com\/index.php\/wp-json\/wp\/v2\/categories?post=58515"},{"taxonomy":"post_tag","embeddable":true,"href":"https:\/\/cdnoticias.com\/index.php\/wp-json\/wp\/v2\/tags?post=58515"}],"curies":[{"name":"wp","href":"https:\/\/api.w.org\/{rel}","templated":true}]}}