{"id":58502,"date":"2022-06-28T11:00:51","date_gmt":"2022-06-28T14:00:51","guid":{"rendered":"https:\/\/www.centraldenoticias.com.ar\/?p=58502"},"modified":"2022-06-28T11:00:51","modified_gmt":"2022-06-28T14:00:51","slug":"caso-woldryk-encontraron-una-choza-en-la-que-podria-haberse-refugiado","status":"publish","type":"post","link":"https:\/\/cdnoticias.com\/index.php\/2022\/06\/28\/caso-woldryk-encontraron-una-choza-en-la-que-podria-haberse-refugiado\/","title":{"rendered":"Caso Woldryk: encontraron una choza en la que podr\u00eda haberse refugiado"},"content":{"rendered":"<p>La novedad fue comunicada en las \u00faltimas horas. Participaron de los nuevos rastrillajes efectivos policiales de Olavarr\u00eda. El pe\u00f3n rural desaparecido era v\u00edctima de extorsi\u00f3n y es buscado desde el 30 de marzo.<!--more--><\/p>\n<hr \/>\n<p>Juan Carlos Woldryk, de 30 a\u00f1os, se ausent\u00f3 del establecimiento rural en donde trabajaba el pasado 30 de marzo. <a href=\"https:\/\/cdnoticias.com\/index.php\/2022\/04\/04\/caso-woldryck-se-analiza-la-extorsion-como-el-movil-de-la-desaparicion-en-bolivar\/\" target=\"_blank\" rel=\"noopener\">El pe\u00f3n rural era v\u00edctima de extorsi\u00f3n.<\/a> Desde ese d\u00eda se han realizado diferentes operativos para dar con su paradero todos con resultado negativo.<\/p>\n<p>&nbsp;<\/p>\n<p>Sin embargo,<strong> el pasado s\u00e1bado efectivos policiales y bomberos voluntarios realizaron nuevos rastrillajes<\/strong> en la zona del establecimiento \u201cEl Rinc\u00f3n\u201d sobre canales y bajos, y tambi\u00e9n buscaron en l\u00ednea por un camino interno que conduce en direcci\u00f3n a \u201cLa Colorada\u201d, distante a unos 3 kil\u00f3metros en el l\u00edmite con Carlos Casares.<\/p>\n<p>&nbsp;<\/p>\n<p>A seis kil\u00f3metros del lugar, en inmediaciones del paraje Miramar, donde existe un amplio monte con viviendas deshabitadas, <strong>los buscadores encontraron un refugio artesanal, tipo choza, en el que podr\u00eda haber estado refugiado Juan Carlos Woldryk.<\/strong> El personal de Polic\u00eda Cient\u00edfica trabaj\u00f3 sobre el lugar y obtuvo muestras de inter\u00e9s para la causa, comunicaron desde el CPR en las \u00faltimas horas sin dar mayores precisiones de lo encontrado en el lugar.<\/p>\n<p>&nbsp;<\/p>\n<p>Participaron de esta b\u00fasqueda<strong> un grupo de Polic\u00eda Cient\u00edfica de Olavarr\u00eda y Azul y efectivos de los Comandos de Prevenci\u00f3n Rural de Alvear, Azul, Bol\u00edvar, Laprida, General La Madrid, Olavarr\u00eda y Tapalqu\u00e9<\/strong>, entre otros agentes y bomberos voluntarios.<\/p>\n<p>&nbsp;<\/p>\n<blockquote><p>En total fueron ochenta y cinco personas las que realizaron la b\u00fasqueda y estuvieron a cargo del Comisario Mayor Oscar Lavecchia.<\/p><\/blockquote>\n<p>&nbsp;<\/p>\n<p>Las tareas estuvieron supervisadas por la fiscal a cargo de la causa Julia Mar\u00eda Sebasti\u00e1n y participaron la letrada querellante doctora Gabriela Rodr\u00edguez, Alejandra, Anal\u00eda y Romina Woldryk, hermanas del hombre desaparecido.<\/p>\n<p>&nbsp;<\/p>\n<p><em>Fuente: Fuente Diario La Ma\u00f1ana de Bol\u00edvar.\u00a0<\/em><\/p>\n","protected":false},"excerpt":{"rendered":"<p>La novedad fue comunicada en las \u00faltimas horas. Participaron de los nuevos rastrillajes efectivos policiales de Olavarr\u00eda. El pe\u00f3n rural<\/p>\n","protected":false},"author":5,"featured_media":58503,"comment_status":"closed","ping_status":"closed","sticky":false,"template":"","format":"standard","meta":{"_jetpack_memberships_contains_paid_content":false,"footnotes":""},"categories":[6,1],"tags":[],"class_list":["post-58502","post","type-post","status-publish","format-standard","has-post-thumbnail","hentry","category-nacionales","category-portada"],"jetpack_featured_media_url":"https:\/\/i0.wp.com\/cdnoticias.com\/wp-content\/uploads\/2022\/06\/woldryk-refugio-696x325-1.jpg?fit=696%2C325&ssl=1","jetpack_sharing_enabled":true,"_links":{"self":[{"href":"https:\/\/cdnoticias.com\/index.php\/wp-json\/wp\/v2\/posts\/58502","targetHints":{"allow":["GET"]}}],"collection":[{"href":"https:\/\/cdnoticias.com\/index.php\/wp-json\/wp\/v2\/posts"}],"about":[{"href":"https:\/\/cdnoticias.com\/index.php\/wp-json\/wp\/v2\/types\/post"}],"author":[{"embeddable":true,"href":"https:\/\/cdnoticias.com\/index.php\/wp-json\/wp\/v2\/users\/5"}],"replies":[{"embeddable":true,"href":"https:\/\/cdnoticias.com\/index.php\/wp-json\/wp\/v2\/comments?post=58502"}],"version-history":[{"count":0,"href":"https:\/\/cdnoticias.com\/index.php\/wp-json\/wp\/v2\/posts\/58502\/revisions"}],"wp:featuredmedia":[{"embeddable":true,"href":"https:\/\/cdnoticias.com\/index.php\/wp-json\/wp\/v2\/media\/58503"}],"wp:attachment":[{"href":"https:\/\/cdnoticias.com\/index.php\/wp-json\/wp\/v2\/media?parent=58502"}],"wp:term":[{"taxonomy":"category","embeddable":true,"href":"https:\/\/cdnoticias.com\/index.php\/wp-json\/wp\/v2\/categories?post=58502"},{"taxonomy":"post_tag","embeddable":true,"href":"https:\/\/cdnoticias.com\/index.php\/wp-json\/wp\/v2\/tags?post=58502"}],"curies":[{"name":"wp","href":"https:\/\/api.w.org\/{rel}","templated":true}]}}