{"id":5844,"date":"2020-11-06T15:55:54","date_gmt":"2020-11-06T18:55:54","guid":{"rendered":"http:\/\/www.centraldenoticias.com.ar\/?p=5844"},"modified":"2020-11-06T15:55:54","modified_gmt":"2020-11-06T18:55:54","slug":"vuelta-a-clases-presenciales-en-unicen-para-el-martes-habra-una-respuesta","status":"publish","type":"post","link":"https:\/\/cdnoticias.com\/index.php\/2020\/11\/06\/vuelta-a-clases-presenciales-en-unicen-para-el-martes-habra-una-respuesta\/","title":{"rendered":"Vuelta a clases presenciales en Unicen: \u201cPara el martes habr\u00e1 una respuesta\u201d"},"content":{"rendered":"<p>As\u00ed se explic\u00f3 en la cuenta oficial de la casa de altos estudios tras el anuncio del Gobierno Nacional.<\/p>\n<p><!--more--><\/p>\n<hr \/>\n<p>A trav\u00e9s de la Decisi\u00f3n Administrativa 1995\/2020, publicada este viernes en el Bolet\u00edn Oficial, el Poder Ejecutivo de la Naci\u00f3n estableci\u00f3 que en el marco del \u201cprotocolo marco y lineamientos generales\u201d aprobados por el Ministerio de Educaci\u00f3n, <strong>se \u201crevisar\u00e1 y prestar\u00e1 conformidad a los planes jurisdiccionales para el retorno de las actividades acad\u00e9micas presenciales en Universidades e Institutos Universitarios\u201d.<\/strong><\/p>\n<p>&nbsp;<\/p>\n<p>Dicho de manera m\u00e1s simple, <strong>el gobierno nacional dio el visto bueno para el regreso a clases presenciales en las universidades. No obstante, para que ello se concrete primero se deber\u00e1 contar con la autorizaci\u00f3n de los ejecutivos provinciales<\/strong>. En ese sentido, se explic\u00f3 que los gobernadores podr\u00e1n suspender las actividades y reiniciarlas de acuerdo a la evoluci\u00f3n de la situaci\u00f3n epidemiol\u00f3gica de cada jurisdicci\u00f3n.<\/p>\n<p>&nbsp;<\/p>\n<p><img data-recalc-dims=\"1\" loading=\"lazy\" decoding=\"async\" class=\"alignnone size-full wp-image-5846\" src=\"https:\/\/i0.wp.com\/cdnoticias.com\/wp-content\/uploads\/2020\/11\/rectorado-unicen.jpg?resize=640%2C425&#038;ssl=1\" alt=\"\" width=\"640\" height=\"425\" srcset=\"https:\/\/i0.wp.com\/cdnoticias.com\/wp-content\/uploads\/2020\/11\/rectorado-unicen.jpg?w=640&amp;ssl=1 640w, https:\/\/i0.wp.com\/cdnoticias.com\/wp-content\/uploads\/2020\/11\/rectorado-unicen.jpg?resize=300%2C199&amp;ssl=1 300w, https:\/\/i0.wp.com\/cdnoticias.com\/wp-content\/uploads\/2020\/11\/rectorado-unicen.jpg?resize=272%2C182&amp;ssl=1 272w\" sizes=\"auto, (max-width: 640px) 100vw, 640px\" \/><\/p>\n<p>&nbsp;<\/p>\n<p>La novedad sorprendi\u00f3 a propios y extra\u00f1os ahora se desconoce cu\u00e1l ser\u00e1 la postura que adopten las distintas unidades acad\u00e9micas. Al cierre de la ma\u00f1ana de este viernes, ante la incertidumbre de toda la comunidad educativa, <strong>la Universidad Nacional del Centro emiti\u00f3 una publicaci\u00f3n a trav\u00e9s de sus redes sociales.<\/strong><\/p>\n<p>&nbsp;<\/p>\n<p>Fue en Twitter donde se detall\u00f3 que <strong>\u201cel rector Roberto Tassara explic\u00f3 que conocida la informaci\u00f3n lo evaluar\u00e1n al interior de la casa de altos estudios y para el martes habr\u00e1 una respuesta sobre c\u00f3mo contin\u00faa el proceso educativo\u201d<\/strong>.<\/p>\n<p>&nbsp;<\/p>\n<blockquote class=\"twitter-tweet\" data-width=\"550\" data-dnt=\"true\">\n<p lang=\"es\" dir=\"ltr\">El rector Roberto Tassara explic\u00f3 que conocida la informaci\u00f3n lo evaluar\u00e1n al interior de la casa de altos estudios y para el martes habr\u00e1 una respuesta sobre c\u00f3mo contin\u00faa el proceso educativo. Adem\u00e1s se evaluar\u00e1 la situaci\u00f3n sanitaria en Azul, Olavarr\u00eda, Tandil y Quequ\u00e9n. <a href=\"https:\/\/t.co\/DCH8ZfluHZ\">https:\/\/t.co\/DCH8ZfluHZ<\/a><\/p>\n<p>&mdash; UNICEN (@UnicenARG) <a href=\"https:\/\/twitter.com\/UnicenARG\/status\/1324715430120968193?ref_src=twsrc%5Etfw\">November 6, 2020<\/a><\/p><\/blockquote>\n<p><script async src=\"https:\/\/platform.twitter.com\/widgets.js\" charset=\"utf-8\"><\/script><\/p>\n<p>&nbsp;<\/p>\n<p>A la par, se expres\u00f3 que<strong> \u201cse evaluar\u00e1 la situaci\u00f3n sanitaria en Azul, Olavarr\u00eda, Tandil y Quequ\u00e9n\u201d<\/strong>, ciudades donde se encuentran cada una de las unidades acad\u00e9micas de la casa de altos estudios que tiene en Tandil su sede central.<\/p>\n<p>&nbsp;<\/p>\n<p>En caso de concretarse el regreso a clases presenciales, desde el gobierno nacional se expres\u00f3 que <strong>personal directivo, docentes, trabajadores no docentes y los estudiantes a los establecimientos educativos, quedan exceptuados de la prohibici\u00f3n del uso del servicio p\u00fablico de transporte de pasajeros urbano, interurbano e interjurisdiccional.<\/strong><\/p>\n<p>&nbsp;<\/p>\n<p>Ahora bien, aquellas personas que deban atravesar distintos municipios para asistir a las clases, deber\u00e1n tramitar el Certificado \u00danico Habilitante para Circulaci\u00f3n \u2013 Emergencia COVID-19. <strong>Se podr\u00e1 realizar mediante la App Cuidar o a trav\u00e9s de este link: www.argentina.gob.ar\/circular (habr\u00e1 un campo espec\u00edfico denominado \u201cUNIVERSITARIO\u201d).<\/strong><\/p>\n<p>&nbsp;<\/p>\n<p>Por su parte, <strong>las universidades deber\u00e1n garantizar las medidas de distanciamiento e higiene \u201cnecesarias para disminuir el riesgo de contagio de coronavirus\u201d, para \u201cpreservar la salud de sus trabajadoras, trabajadores y estudiantes\u201d.<\/strong><\/p>\n<p>&nbsp;<\/p>\n<p><strong>El protocolo<\/strong><\/p>\n<p>&nbsp;<\/p>\n<p>Desde hace meses autoridades gubernamentales y educativas vienen consensuando c\u00f3mo poder avanzar hacia el regreso a los establecimientos acad\u00e9micos de forma presencial. De hecho,<strong> a principios de julio las universidades ya hab\u00edan aprobado el reglamento para la \u201cnueva normalidad\u201d en el \u00e1mbito educativo.<\/strong><\/p>\n<p>&nbsp;<\/p>\n<p><strong>Lo primordial consiste en la toma de temperatura tanto a estudiantes como docentes y personal no docente al ingresar al establecimiento.<\/strong> Si el term\u00f3metro indica m\u00e1s de 37,5 grados, no podr\u00e1n ingresar y se proceder\u00e1 a cumplir el protocolo que establece el Ministerio de Salud.<\/p>\n<p>&nbsp;<\/p>\n<p><strong>En los espacios comunes, el distanciamiento m\u00ednimo ser\u00e1 de 2 metros, mientras que en las aulas se reducir\u00e1 hasta 1,5 metros<\/strong>. El tapabocas ser\u00e1 obligatorio en todo momento, tanto para profesores como para alumnos. Cada establecimiento deber\u00e1 contar con insumos b\u00e1sicos de higiene como agua potable, jab\u00f3n, alcohol en gel y cestos de basura.<\/p>\n<p>&nbsp;<\/p>\n<p><strong>En caso de detectarse un caso sospechoso o positivo, la universidad cerrar\u00e1 por completo por el plazo de un d\u00eda<\/strong>. Al mismo tiempo se rastrear\u00e1 a los contactos estrechos del paciente para aislarlos o, si presentaran s\u00edntomas, tambi\u00e9n testearlos.<\/p>\n<p>&nbsp;<\/p>\n<p><em>Con informaci\u00f3n de DIB<\/em><\/p>\n<p>&nbsp;<\/p>\n","protected":false},"excerpt":{"rendered":"<p>As\u00ed se explic\u00f3 en la cuenta oficial de la casa de altos estudios tras el anuncio del Gobierno Nacional.<\/p>\n","protected":false},"author":3,"featured_media":5845,"comment_status":"closed","ping_status":"closed","sticky":false,"template":"","format":"standard","meta":{"_jetpack_memberships_contains_paid_content":false,"footnotes":""},"categories":[5,1],"tags":[],"class_list":["post-5844","post","type-post","status-publish","format-standard","has-post-thumbnail","hentry","category-informacion-general","category-portada"],"jetpack_featured_media_url":"https:\/\/i0.wp.com\/cdnoticias.com\/wp-content\/uploads\/2020\/11\/tuit.jpg?fit=893%2C500&ssl=1","jetpack_sharing_enabled":true,"_links":{"self":[{"href":"https:\/\/cdnoticias.com\/index.php\/wp-json\/wp\/v2\/posts\/5844","targetHints":{"allow":["GET"]}}],"collection":[{"href":"https:\/\/cdnoticias.com\/index.php\/wp-json\/wp\/v2\/posts"}],"about":[{"href":"https:\/\/cdnoticias.com\/index.php\/wp-json\/wp\/v2\/types\/post"}],"author":[{"embeddable":true,"href":"https:\/\/cdnoticias.com\/index.php\/wp-json\/wp\/v2\/users\/3"}],"replies":[{"embeddable":true,"href":"https:\/\/cdnoticias.com\/index.php\/wp-json\/wp\/v2\/comments?post=5844"}],"version-history":[{"count":0,"href":"https:\/\/cdnoticias.com\/index.php\/wp-json\/wp\/v2\/posts\/5844\/revisions"}],"wp:featuredmedia":[{"embeddable":true,"href":"https:\/\/cdnoticias.com\/index.php\/wp-json\/wp\/v2\/media\/5845"}],"wp:attachment":[{"href":"https:\/\/cdnoticias.com\/index.php\/wp-json\/wp\/v2\/media?parent=5844"}],"wp:term":[{"taxonomy":"category","embeddable":true,"href":"https:\/\/cdnoticias.com\/index.php\/wp-json\/wp\/v2\/categories?post=5844"},{"taxonomy":"post_tag","embeddable":true,"href":"https:\/\/cdnoticias.com\/index.php\/wp-json\/wp\/v2\/tags?post=5844"}],"curies":[{"name":"wp","href":"https:\/\/api.w.org\/{rel}","templated":true}]}}