{"id":5840,"date":"2020-11-06T15:13:29","date_gmt":"2020-11-06T18:13:29","guid":{"rendered":"http:\/\/www.centraldenoticias.com.ar\/?p=5840"},"modified":"2020-11-06T15:13:29","modified_gmt":"2020-11-06T18:13:29","slug":"maria-cristina-gilardenghi-viuda-de-frascaroli-q-e-p-d","status":"publish","type":"post","link":"https:\/\/cdnoticias.com\/index.php\/2020\/11\/06\/maria-cristina-gilardenghi-viuda-de-frascaroli-q-e-p-d\/","title":{"rendered":"Mar\u00eda Cristina Gilardenghi Viuda De Frascaroli  (Q.E.P.D.)"},"content":{"rendered":"<p>Falleci\u00f3 en Olavarr\u00eda el d\u00eda 6 de Noviembre de 2020 a los 69 a\u00f1os de edad. Su hijo Mauricio, sus primos Arnaldo y\u00a0 Alicia Gilardenghi, su prima pol\u00edtica Delia Melhose, su hermana pol\u00edtica Norma Frascaroli, sus sobrinos Javier, Ariel y Fernando, sus ex alumnos y dem\u00e1s deudos participan su fallecimiento.<\/p>\n<p>&nbsp;<\/p>\n<p>No se realiza velatorio ni responso. Sus restos ser\u00e1n inhumados este s\u00e1bado a las 9.30 en el cementerio Loma de Paz. Nacida en Capital Federal, vecina del barrio San Vicente, profesora de m\u00fasica jubilada.<\/p>\n<p>&nbsp;<\/p>\n","protected":false},"excerpt":{"rendered":"<p>Falleci\u00f3 en Olavarr\u00eda el d\u00eda 6 de Noviembre de 2020 a los 69 a\u00f1os de edad. Su hijo Mauricio, sus<\/p>\n","protected":false},"author":3,"featured_media":0,"comment_status":"closed","ping_status":"closed","sticky":false,"template":"","format":"standard","meta":{"_jetpack_memberships_contains_paid_content":false,"footnotes":""},"categories":[10],"tags":[],"class_list":["post-5840","post","type-post","status-publish","format-standard","hentry","category-necrologicas"],"jetpack_featured_media_url":"","jetpack_sharing_enabled":true,"_links":{"self":[{"href":"https:\/\/cdnoticias.com\/index.php\/wp-json\/wp\/v2\/posts\/5840","targetHints":{"allow":["GET"]}}],"collection":[{"href":"https:\/\/cdnoticias.com\/index.php\/wp-json\/wp\/v2\/posts"}],"about":[{"href":"https:\/\/cdnoticias.com\/index.php\/wp-json\/wp\/v2\/types\/post"}],"author":[{"embeddable":true,"href":"https:\/\/cdnoticias.com\/index.php\/wp-json\/wp\/v2\/users\/3"}],"replies":[{"embeddable":true,"href":"https:\/\/cdnoticias.com\/index.php\/wp-json\/wp\/v2\/comments?post=5840"}],"version-history":[{"count":0,"href":"https:\/\/cdnoticias.com\/index.php\/wp-json\/wp\/v2\/posts\/5840\/revisions"}],"wp:attachment":[{"href":"https:\/\/cdnoticias.com\/index.php\/wp-json\/wp\/v2\/media?parent=5840"}],"wp:term":[{"taxonomy":"category","embeddable":true,"href":"https:\/\/cdnoticias.com\/index.php\/wp-json\/wp\/v2\/categories?post=5840"},{"taxonomy":"post_tag","embeddable":true,"href":"https:\/\/cdnoticias.com\/index.php\/wp-json\/wp\/v2\/tags?post=5840"}],"curies":[{"name":"wp","href":"https:\/\/api.w.org\/{rel}","templated":true}]}}