{"id":58399,"date":"2022-06-29T08:12:03","date_gmt":"2022-06-29T11:12:03","guid":{"rendered":"https:\/\/www.centraldenoticias.com.ar\/?p=58399"},"modified":"2022-06-29T08:12:03","modified_gmt":"2022-06-29T11:12:03","slug":"el-desfile-del-9-de-julio-se-hara-el-sabado-por-calle-vicente-lopez","status":"publish","type":"post","link":"https:\/\/cdnoticias.com\/index.php\/2022\/06\/29\/el-desfile-del-9-de-julio-se-hara-el-sabado-por-calle-vicente-lopez\/","title":{"rendered":"El Desfile del 9 de Julio se har\u00e1 el s\u00e1bado por calle Vicente L\u00f3pez"},"content":{"rendered":"<p>Se lanz\u00f3 la convocatoria a instituciones de la comunidad para participar: podr\u00e1n anotarse hasta el lunes 4 de julio.<!--more--><\/p>\n<hr \/>\n<p><strong>Desde la Direcci\u00f3n de Ceremonial y Protocolo de la Municipalidad se invit\u00f3 a las instituciones de la comunidad de todo el Partido de Olavarr\u00eda a participar del Desfile por el 9 de Julio<\/strong>, en el marco del Acto Oficial por el<em> 206\u00ba Aniversario de la Declaraci\u00f3n de la Independencia<\/em>.<\/p>\n<p>&nbsp;<\/p>\n<p><strong>El desfile se realizar\u00e1 el d\u00eda s\u00e1bado 9 de julio a partir de las 10 horas en calle Vicente L\u00f3pez<\/strong>, desde General Paz hasta Dorrego. En tanto que la concentraci\u00f3n ser\u00e1 a las 9 horas, en la intersecci\u00f3n de Coronel Su\u00e1rez y Vicente L\u00f3pez.<\/p>\n<p>&nbsp;<\/p>\n<p>Las <strong>instituciones interesadas en participar<\/strong>, deber\u00e1n enviar los datos que se detallan a continuaci\u00f3n, al correo de la Direcci\u00f3n de Ceremonial y Protocolo: <em>ceremonialyprotocolo@olavarria.gov.ar<\/em><\/p>\n<p>&nbsp;<\/p>\n<p>En el mismo deber\u00e1 constar: <em>rese\u00f1a, nombre del\/la responsable, contacto telef\u00f3nico y cantidad aproximada de personas que formar\u00e1n parte de la delegaci\u00f3n<\/em>.<\/p>\n<p>&nbsp;<\/p>\n<p>Desde el Municipio se aclar\u00f3 que <strong>\u201cpor razones organizativas, la fecha l\u00edmite de inscripci\u00f3n es el lunes 4 de julio\u201d<\/strong>.<\/p>\n","protected":false},"excerpt":{"rendered":"<p>Se lanz\u00f3 la convocatoria a instituciones de la comunidad para participar: podr\u00e1n anotarse hasta el lunes 4 de julio.<\/p>\n","protected":false},"author":4,"featured_media":58400,"comment_status":"closed","ping_status":"closed","sticky":false,"template":"","format":"standard","meta":{"_jetpack_memberships_contains_paid_content":false,"footnotes":""},"categories":[5],"tags":[],"class_list":["post-58399","post","type-post","status-publish","format-standard","has-post-thumbnail","hentry","category-informacion-general"],"jetpack_featured_media_url":"https:\/\/i0.wp.com\/cdnoticias.com\/wp-content\/uploads\/2022\/06\/desfile-9-de-julio.jpg?fit=1024%2C683&ssl=1","jetpack_sharing_enabled":true,"_links":{"self":[{"href":"https:\/\/cdnoticias.com\/index.php\/wp-json\/wp\/v2\/posts\/58399","targetHints":{"allow":["GET"]}}],"collection":[{"href":"https:\/\/cdnoticias.com\/index.php\/wp-json\/wp\/v2\/posts"}],"about":[{"href":"https:\/\/cdnoticias.com\/index.php\/wp-json\/wp\/v2\/types\/post"}],"author":[{"embeddable":true,"href":"https:\/\/cdnoticias.com\/index.php\/wp-json\/wp\/v2\/users\/4"}],"replies":[{"embeddable":true,"href":"https:\/\/cdnoticias.com\/index.php\/wp-json\/wp\/v2\/comments?post=58399"}],"version-history":[{"count":0,"href":"https:\/\/cdnoticias.com\/index.php\/wp-json\/wp\/v2\/posts\/58399\/revisions"}],"wp:featuredmedia":[{"embeddable":true,"href":"https:\/\/cdnoticias.com\/index.php\/wp-json\/wp\/v2\/media\/58400"}],"wp:attachment":[{"href":"https:\/\/cdnoticias.com\/index.php\/wp-json\/wp\/v2\/media?parent=58399"}],"wp:term":[{"taxonomy":"category","embeddable":true,"href":"https:\/\/cdnoticias.com\/index.php\/wp-json\/wp\/v2\/categories?post=58399"},{"taxonomy":"post_tag","embeddable":true,"href":"https:\/\/cdnoticias.com\/index.php\/wp-json\/wp\/v2\/tags?post=58399"}],"curies":[{"name":"wp","href":"https:\/\/api.w.org\/{rel}","templated":true}]}}