{"id":58377,"date":"2022-06-26T21:07:20","date_gmt":"2022-06-27T00:07:20","guid":{"rendered":"https:\/\/www.centraldenoticias.com.ar\/?p=58377"},"modified":"2022-06-26T21:07:20","modified_gmt":"2022-06-27T00:07:20","slug":"celebraron-san-juan-y-san-pedro-en-el-barrio-el-progreso","status":"publish","type":"post","link":"https:\/\/cdnoticias.com\/index.php\/2022\/06\/26\/celebraron-san-juan-y-san-pedro-en-el-barrio-el-progreso\/","title":{"rendered":"Celebraron San Juan y San Pedro en el barrio El Progreso"},"content":{"rendered":"<p>Fue en la sede de Callejeada, con un encuentro especial y con las tradicionales fogatas. <!--more--><\/p>\n<hr \/>\n<p>La <strong>noche de San Juan es una de las tradiciones m\u00e1s nombradas,<\/strong> se trata de una celebraci\u00f3n mediante la cual el fuego purifica y quema lo viejo y malo, con el fin de que lleguen nuevas oportunidades y deseos.<\/p>\n<p>&nbsp;<\/p>\n<p>Para esta ocasi\u00f3n<strong> se preparan mu\u00f1ecos que representan lo malo que se quiera dejar atr\u00e1s, sean momentos dif\u00edciles, o amargos del a\u00f1o, malas ondas y miserias que mediante esta quema se transforman buenos augurios para el tiempo que viene.<\/strong><\/p>\n<p>&nbsp;<\/p>\n<blockquote><p>En la actualidad las fogatas de San Juan y San Pedro apuntan principalmente a recuperar las grandes fiestas barriales.<\/p><\/blockquote>\n<p>&nbsp;<\/p>\n<p><strong>En el barrio El Progreso, en la sede de Callejeada (Mitre y Calle 7) este viernes se prepar\u00f3 un encuentro muy especial,<\/strong> que cont\u00f3 con la participaci\u00f3n de familias, instituciones educativas, organizaciones barriales y vecinos de la comunidad.<\/p>\n<p>&nbsp;<\/p>\n<p>El secretario de Desarrollo Humano y Calidad de Vida Diego Robbiani, la subsecretaria de Desarrollo Social Silvana Rosales y la directora de la Unidad de Desarrollo Infantil Sandra Bilbao participaron de la fiesta.<\/p>\n<p>&nbsp;<\/p>\n<p><img data-recalc-dims=\"1\" loading=\"lazy\" decoding=\"async\" class=\"alignnone size-large wp-image-58379\" src=\"https:\/\/i0.wp.com\/cdnoticias.com\/wp-content\/uploads\/2022\/06\/DS-Fogata-El-Progreso-10.jpeg?resize=800%2C600&#038;ssl=1\" alt=\"\" width=\"800\" height=\"600\" srcset=\"https:\/\/i0.wp.com\/cdnoticias.com\/wp-content\/uploads\/2022\/06\/DS-Fogata-El-Progreso-10.jpeg?resize=1024%2C768&amp;ssl=1 1024w, https:\/\/i0.wp.com\/cdnoticias.com\/wp-content\/uploads\/2022\/06\/DS-Fogata-El-Progreso-10.jpeg?resize=300%2C225&amp;ssl=1 300w, https:\/\/i0.wp.com\/cdnoticias.com\/wp-content\/uploads\/2022\/06\/DS-Fogata-El-Progreso-10.jpeg?resize=768%2C576&amp;ssl=1 768w, https:\/\/i0.wp.com\/cdnoticias.com\/wp-content\/uploads\/2022\/06\/DS-Fogata-El-Progreso-10.jpeg?w=1306&amp;ssl=1 1306w\" sizes=\"auto, (max-width: 800px) 100vw, 800px\" \/><\/p>\n<p>&nbsp;<\/p>\n<p>En el marco de esta celebraci\u00f3n<strong> se desarrollaron talleres y actividades art\u00edstico-educativas (percusi\u00f3n, danza y juegos), que estuvieron a cargo de docentes y j\u00f3venes de Callejeadas<\/strong>, el grupo de folklore Ayun Purrum, a cargo de Ana Mar\u00eda Paladini, perteneciente a la Escuela Municipal de Danzas. El festejo cont\u00f3 adem\u00e1s con la participaci\u00f3n especial de Sergio Gorosito y Luis Gallastegui, con m\u00fasica folkl\u00f3rica.<\/p>\n<p>&nbsp;<\/p>\n<p>Para el cierre de la jornada,<strong> por la noche se llev\u00f3 a cabo la tradicional fogata colectiva en la que se quemaron mu\u00f1ecos realizados por vecinos, escuelas y organizaciones del barrio, celebrando la vida en comunidad y el uso del espacio p\u00fablico como lugar de encuentro.<\/strong><\/p>\n<p>&nbsp;<\/p>\n<p>El evento cont\u00f3 con la colaboraci\u00f3n de personal del Cuerpo Activo de Bomberos Voluntarios de Olavarr\u00eda.<\/p>\n<p>&nbsp;<\/p>\n<p>Cabe destacar que en el marco del taller de arte, a cargo de Andrea Foti, previamente se realiz\u00f3 el armado de los mu\u00f1ecos, que cont\u00f3 con una amplia convocatoria.<\/p>\n","protected":false},"excerpt":{"rendered":"<p>Fue en la sede de Callejeada, con un encuentro especial y con las tradicionales fogatas.<\/p>\n","protected":false},"author":2,"featured_media":58378,"comment_status":"closed","ping_status":"closed","sticky":false,"template":"","format":"standard","meta":{"_jetpack_memberships_contains_paid_content":false,"footnotes":""},"categories":[5,1],"tags":[],"class_list":["post-58377","post","type-post","status-publish","format-standard","has-post-thumbnail","hentry","category-informacion-general","category-portada"],"jetpack_featured_media_url":"https:\/\/i0.wp.com\/cdnoticias.com\/wp-content\/uploads\/2022\/06\/DS-Fogata-El-Progreso-8.jpeg?fit=1600%2C1200&ssl=1","jetpack_sharing_enabled":true,"_links":{"self":[{"href":"https:\/\/cdnoticias.com\/index.php\/wp-json\/wp\/v2\/posts\/58377","targetHints":{"allow":["GET"]}}],"collection":[{"href":"https:\/\/cdnoticias.com\/index.php\/wp-json\/wp\/v2\/posts"}],"about":[{"href":"https:\/\/cdnoticias.com\/index.php\/wp-json\/wp\/v2\/types\/post"}],"author":[{"embeddable":true,"href":"https:\/\/cdnoticias.com\/index.php\/wp-json\/wp\/v2\/users\/2"}],"replies":[{"embeddable":true,"href":"https:\/\/cdnoticias.com\/index.php\/wp-json\/wp\/v2\/comments?post=58377"}],"version-history":[{"count":0,"href":"https:\/\/cdnoticias.com\/index.php\/wp-json\/wp\/v2\/posts\/58377\/revisions"}],"wp:featuredmedia":[{"embeddable":true,"href":"https:\/\/cdnoticias.com\/index.php\/wp-json\/wp\/v2\/media\/58378"}],"wp:attachment":[{"href":"https:\/\/cdnoticias.com\/index.php\/wp-json\/wp\/v2\/media?parent=58377"}],"wp:term":[{"taxonomy":"category","embeddable":true,"href":"https:\/\/cdnoticias.com\/index.php\/wp-json\/wp\/v2\/categories?post=58377"},{"taxonomy":"post_tag","embeddable":true,"href":"https:\/\/cdnoticias.com\/index.php\/wp-json\/wp\/v2\/tags?post=58377"}],"curies":[{"name":"wp","href":"https:\/\/api.w.org\/{rel}","templated":true}]}}