{"id":58374,"date":"2022-06-26T20:25:24","date_gmt":"2022-06-26T23:25:24","guid":{"rendered":"https:\/\/www.centraldenoticias.com.ar\/?p=58374"},"modified":"2022-06-26T20:25:24","modified_gmt":"2022-06-26T23:25:24","slug":"interligas-el-fortin-festejo-en-el-debut-de-burghini-como-director-tecnico","status":"publish","type":"post","link":"https:\/\/cdnoticias.com\/index.php\/2022\/06\/26\/interligas-el-fortin-festejo-en-el-debut-de-burghini-como-director-tecnico\/","title":{"rendered":"Interligas: El Fort\u00edn festej\u00f3 en el debut de Burghini como Director T\u00e9cnico"},"content":{"rendered":"<p>Por la 7\u00b0 fecha del Torneo Interligas, El Fort\u00edn se impuso 1 a 0 ante Atl\u00e9tico Urdampilleta en el \u201cRicardo S\u00e1nchez\u201d. Con este resultado, el conjunto olavarriense lleg\u00f3 a los 8 puntos y por ahora est\u00e1 fuera de los puestos clasificatorios. <!--more--><\/p>\n<hr \/>\n<p>La cr\u00f3nica del partido y lo m\u00e1s sobresaliente de una nueva fecha del Torneo Regional Interligas, <a href=\"http:\/\/centraldeportes.com.ar\/el-fortin-festejo-en-el-debut-de-burghini-como-director-tecnico\/\" target=\"_blank\" rel=\"noopener\">lo viv\u00eds en Central de Deportes, tu portal deportivo.\u00a0<\/a><\/p>\n","protected":false},"excerpt":{"rendered":"<p>Por la 7\u00b0 fecha del Torneo Interligas, El Fort\u00edn se impuso 1 a 0 ante Atl\u00e9tico Urdampilleta en el \u201cRicardo<\/p>\n","protected":false},"author":2,"featured_media":58375,"comment_status":"closed","ping_status":"closed","sticky":false,"template":"","format":"standard","meta":{"_jetpack_memberships_contains_paid_content":false,"footnotes":""},"categories":[5,1],"tags":[],"class_list":["post-58374","post","type-post","status-publish","format-standard","has-post-thumbnail","hentry","category-informacion-general","category-portada"],"jetpack_featured_media_url":"https:\/\/i0.wp.com\/cdnoticias.com\/wp-content\/uploads\/2022\/06\/fortin-interligas_7-800x445-1.jpg?fit=800%2C445&ssl=1","jetpack_sharing_enabled":true,"_links":{"self":[{"href":"https:\/\/cdnoticias.com\/index.php\/wp-json\/wp\/v2\/posts\/58374","targetHints":{"allow":["GET"]}}],"collection":[{"href":"https:\/\/cdnoticias.com\/index.php\/wp-json\/wp\/v2\/posts"}],"about":[{"href":"https:\/\/cdnoticias.com\/index.php\/wp-json\/wp\/v2\/types\/post"}],"author":[{"embeddable":true,"href":"https:\/\/cdnoticias.com\/index.php\/wp-json\/wp\/v2\/users\/2"}],"replies":[{"embeddable":true,"href":"https:\/\/cdnoticias.com\/index.php\/wp-json\/wp\/v2\/comments?post=58374"}],"version-history":[{"count":0,"href":"https:\/\/cdnoticias.com\/index.php\/wp-json\/wp\/v2\/posts\/58374\/revisions"}],"wp:featuredmedia":[{"embeddable":true,"href":"https:\/\/cdnoticias.com\/index.php\/wp-json\/wp\/v2\/media\/58375"}],"wp:attachment":[{"href":"https:\/\/cdnoticias.com\/index.php\/wp-json\/wp\/v2\/media?parent=58374"}],"wp:term":[{"taxonomy":"category","embeddable":true,"href":"https:\/\/cdnoticias.com\/index.php\/wp-json\/wp\/v2\/categories?post=58374"},{"taxonomy":"post_tag","embeddable":true,"href":"https:\/\/cdnoticias.com\/index.php\/wp-json\/wp\/v2\/tags?post=58374"}],"curies":[{"name":"wp","href":"https:\/\/api.w.org\/{rel}","templated":true}]}}