{"id":58312,"date":"2022-06-25T10:43:42","date_gmt":"2022-06-25T13:43:42","guid":{"rendered":"https:\/\/www.centraldenoticias.com.ar\/?p=58312"},"modified":"2022-06-25T13:51:08","modified_gmt":"2022-06-25T16:51:08","slug":"la-comision-provincial-por-la-memoria-solicito-una-reautopsia-urgente-a-daiana-abregu","status":"publish","type":"post","link":"https:\/\/cdnoticias.com\/index.php\/2022\/06\/25\/la-comision-provincial-por-la-memoria-solicito-una-reautopsia-urgente-a-daiana-abregu\/","title":{"rendered":"La Comisi\u00f3n Provincial por la Memoria solicit\u00f3 una reautopsia \u201curgente\u201d a Daiana Abreg\u00fa"},"content":{"rendered":"<p>Denunciaron graves irregularidades en el primer procedimiento, entre ellos no aplicar el protocolo de investigaci\u00f3n en casos de muerte bajo custodia estatal. El pedido lo realizaron a la Jueza de Garant\u00edas. <!--more--><\/p>\n<hr \/>\n<p>Mediante un comunicado, <strong>la Comisi\u00f3n Provincial por la Memoria (CPM) solicit\u00f3 a la Jueza de Garant\u00edas Fabiana San Rom\u00e1n la realizaci\u00f3n de una nueva autopsia al cuerpo de Daiana Abreg\u00fa, la joven que muri\u00f3 en un calabozo en una Comisar\u00eda de Laprida. Denunciaron \u201cirregularidades\u201d en el protocolo de actuaci\u00f3n por casos de muerte bajo custodia estatal.<\/strong><\/p>\n<p>&nbsp;<\/p>\n<p>Se explic\u00f3, mediante un comunicado, que <strong>no se respetaron los est\u00e1ndares internacionales m\u00ednimos de actuaci\u00f3n en este tipo de casos, con el denominado \u201cProtocolo de Minnesota\u201d.<\/strong><\/p>\n<p>&nbsp;<\/p>\n<p>Tampoco se realizaron, en este sentido, radiograf\u00edas ni fotograf\u00edas completas ni filmaciones<em> \u201cconforme lo establecen los protocolos vigentes\u201d.<\/em> Adem\u00e1s<em> \u201cno se completaron extracciones de piel que podr\u00edan dilucidar el origen de algunas lesiones que pueden observarse\u201d.<\/em><\/p>\n<p>&nbsp;<\/p>\n<p><em>\u201cA pesar de esto y de otras pruebas en el expediente que obligan a profundizar la hip\u00f3tesis del homicidio, el fiscal rechaz\u00f3 el pedido de reautopsia\u201d<\/em>. <strong>El pedido de la CPM, cabe aclarar, se da dentro de la intervenci\u00f3n como particular damnificado institucional en la causa<\/strong>, y pidieron una investigaci\u00f3n <em>\u201cadecuada, eficaz y r\u00e1pida para conocer la verdad de lo ocurrido\u201d.<\/em><\/p>\n<p>&nbsp;<\/p>\n<p>En el escrito presentado a la doctora San Rom\u00e1n, la Comisi\u00f3n detall\u00f3 la serie de falencias realizadas en la autopsia:<strong> faltante de radiograf\u00edas, la ausencia de an\u00e1lisis para determinar si algunas marcas o heridas en el cuello de la joven fueron generadas con anterioridad o son posteriores a su muerte, el car\u00e1cter limitado del registro fotogr\u00e1fico y f\u00edlmico.<\/strong> Por \u00faltimo, tambi\u00e9n se remarc\u00f3<em> \u201cla falta de especialidad de la m\u00e9dica que realiz\u00f3 la autopsia; si bien est\u00e1 habilitada para realizar este tipo de ex\u00e1menes, el protocolo Minesotta obliga en estos casos que se constituya un equipo apto, con distintas especialidades para el an\u00e1lisis cient\u00edfico\u201d.<\/em><\/p>\n<p>&nbsp;<\/p>\n<p>El fiscal Calonje explic\u00f3 que la autopsia fue \u201ccorrecta\u201d bajo el argumento de que hab\u00eda sido realizada en la Asesor\u00eda Pericial de la Corte Bonaerense y que la m\u00e9dica autopsiante no pertenece a la fuerza de seguridad implicada en el hecho. <strong><em>\u201cNinguno de los dos hechos alcanza, por s\u00ed solos, para que sean respetados los principios establecidos por el protocolo\u201d<\/em> <\/strong>respondieron desde la CPM.<\/p>\n<p>&nbsp;<\/p>\n<blockquote><p>\u201cM\u00e1s grave a\u00fan, al momento de rechazar el pedido formulado por la CPM, el fiscal desconoce que en el expediente judicial hay nuevos testimonios y medidas de prueba que vincular\u00edan a funcionarios policiales en la muerte de la joven y que obligan a profundizar la hip\u00f3tesis del homicidio\u201d.<\/p><\/blockquote>\n<p>&nbsp;<\/p>\n<p>De esta forma, el pedido a la doctora San Rom\u00e1n se da de forma \u201curgente\u201d y explicaron que<em> \u201caplazar la realizaci\u00f3n de la misma puede devenir en un acto irreproducible, debido a que el paso del tiempo atenta contra la conservaci\u00f3n del cuerpo de la v\u00edctima y las posibilidades reales de encontrar en su an\u00e1lisis respuestas a lo sucedido\u201d<\/em>, se advierte en el escrito.<\/p>\n<p>&nbsp;<\/p>\n<p>Finalmente,<strong> tambi\u00e9n expresaron preocupaci\u00f3n por las condiciones \u201cendebles\u201d de preservaci\u00f3n en que se encuentra el cuerpo de la joven<\/strong>: <em>\u201cun dep\u00f3sito del cementerio municipal sin ser preservado en c\u00e1mara de refrigeraci\u00f3n. Al mismo tiempo se le requiere a la familia una urgente sepultura por falta de espacio para mantenerlo all\u00ed\u201d.<\/em><\/p>\n","protected":false},"excerpt":{"rendered":"<p>Denunciaron graves irregularidades en el primer procedimiento, entre ellos no aplicar el protocolo de investigaci\u00f3n en casos de muerte bajo<\/p>\n","protected":false},"author":5,"featured_media":56811,"comment_status":"closed","ping_status":"closed","sticky":false,"template":"","format":"standard","meta":{"_jetpack_memberships_contains_paid_content":false,"footnotes":""},"categories":[14,1],"tags":[],"class_list":["post-58312","post","type-post","status-publish","format-standard","has-post-thumbnail","hentry","category-policiales","category-portada"],"jetpack_featured_media_url":"https:\/\/i0.wp.com\/cdnoticias.com\/wp-content\/uploads\/2022\/06\/comisaria-laprida.jpg?fit=777%2C474&ssl=1","jetpack_sharing_enabled":true,"_links":{"self":[{"href":"https:\/\/cdnoticias.com\/index.php\/wp-json\/wp\/v2\/posts\/58312","targetHints":{"allow":["GET"]}}],"collection":[{"href":"https:\/\/cdnoticias.com\/index.php\/wp-json\/wp\/v2\/posts"}],"about":[{"href":"https:\/\/cdnoticias.com\/index.php\/wp-json\/wp\/v2\/types\/post"}],"author":[{"embeddable":true,"href":"https:\/\/cdnoticias.com\/index.php\/wp-json\/wp\/v2\/users\/5"}],"replies":[{"embeddable":true,"href":"https:\/\/cdnoticias.com\/index.php\/wp-json\/wp\/v2\/comments?post=58312"}],"version-history":[{"count":0,"href":"https:\/\/cdnoticias.com\/index.php\/wp-json\/wp\/v2\/posts\/58312\/revisions"}],"wp:featuredmedia":[{"embeddable":true,"href":"https:\/\/cdnoticias.com\/index.php\/wp-json\/wp\/v2\/media\/56811"}],"wp:attachment":[{"href":"https:\/\/cdnoticias.com\/index.php\/wp-json\/wp\/v2\/media?parent=58312"}],"wp:term":[{"taxonomy":"category","embeddable":true,"href":"https:\/\/cdnoticias.com\/index.php\/wp-json\/wp\/v2\/categories?post=58312"},{"taxonomy":"post_tag","embeddable":true,"href":"https:\/\/cdnoticias.com\/index.php\/wp-json\/wp\/v2\/tags?post=58312"}],"curies":[{"name":"wp","href":"https:\/\/api.w.org\/{rel}","templated":true}]}}