{"id":58276,"date":"2022-06-24T19:07:22","date_gmt":"2022-06-24T22:07:22","guid":{"rendered":"https:\/\/www.centraldenoticias.com.ar\/?p=58276"},"modified":"2022-06-24T19:51:41","modified_gmt":"2022-06-24T22:51:41","slug":"vergel-debemos-trabajar-y-acompanar-a-nuestros-jovenes","status":"publish","type":"post","link":"https:\/\/cdnoticias.com\/index.php\/2022\/06\/24\/vergel-debemos-trabajar-y-acompanar-a-nuestros-jovenes\/","title":{"rendered":"Vergel: \u201cdebemos trabajar y acompa\u00f1ar a nuestros j\u00f3venes\u201d"},"content":{"rendered":"<p>La concejal del radicalismo visit\u00f3 el Ministerio de Desarrollo Econ\u00f3mico y Producci\u00f3n del GCBA y mantuvo un di\u00e1logo con el Jefe de Gabinete del \u00e1rea, Hern\u00e1n Rossi. <!--more--><\/p>\n<hr \/>\n<p>La <strong>concejal por el radicalismo Bel\u00e9n Vergel particip\u00f3 de un encuentro en el Ministerio de Desarrollo Econ\u00f3mico y Producci\u00f3n de la Ciudad de Buenos Aires<\/strong>, donde se reuni\u00f3n con el Jefe de Gabinete del \u00e1rea, Hern\u00e1n Rossi, donde se habl\u00f3 de <strong>empleo joven y <em>\u201cla necesidad de acompa\u00f1ar a los j\u00f3venes en el mundo del trabajo\u201d.<\/em><\/strong><\/p>\n<p>&nbsp;<\/p>\n<p>El encuentro, que tuvo un fluido intercambio de opiniones, proyectos e iniciativas llevadas adelante en CABA, se destac\u00f3 la necesidad de <em>\u201cayudarlos en la obtenci\u00f3n de herramientas y tender puentes con empresas que puedan incorporarlos\u201d.<\/em><\/p>\n<p>&nbsp;<\/p>\n<p><img data-recalc-dims=\"1\" loading=\"lazy\" decoding=\"async\" class=\"alignnone size-large wp-image-58282\" src=\"https:\/\/i0.wp.com\/cdnoticias.com\/wp-content\/uploads\/2022\/06\/WhatsApp-Image-2022-06-24-at-1.20.04-PM.jpeg?resize=800%2C600&#038;ssl=1\" alt=\"\" width=\"800\" height=\"600\" srcset=\"https:\/\/i0.wp.com\/cdnoticias.com\/wp-content\/uploads\/2022\/06\/WhatsApp-Image-2022-06-24-at-1.20.04-PM.jpeg?resize=1024%2C768&amp;ssl=1 1024w, https:\/\/i0.wp.com\/cdnoticias.com\/wp-content\/uploads\/2022\/06\/WhatsApp-Image-2022-06-24-at-1.20.04-PM.jpeg?resize=300%2C225&amp;ssl=1 300w, https:\/\/i0.wp.com\/cdnoticias.com\/wp-content\/uploads\/2022\/06\/WhatsApp-Image-2022-06-24-at-1.20.04-PM.jpeg?resize=768%2C576&amp;ssl=1 768w, https:\/\/i0.wp.com\/cdnoticias.com\/wp-content\/uploads\/2022\/06\/WhatsApp-Image-2022-06-24-at-1.20.04-PM.jpeg?resize=1536%2C1152&amp;ssl=1 1536w, https:\/\/i0.wp.com\/cdnoticias.com\/wp-content\/uploads\/2022\/06\/WhatsApp-Image-2022-06-24-at-1.20.04-PM.jpeg?w=1600&amp;ssl=1 1600w\" sizes=\"auto, (max-width: 800px) 100vw, 800px\" \/><\/p>\n<p>&nbsp;<\/p>\n<p>Seg\u00fan lo informado por Rossi, la iniciativa parte de<em> \u201cincentivar la contrataci\u00f3n de este grupo que enfrenta las mayores dificultades para acceder a un trabajo\u201d<\/em>. De esta manera, se busca <strong><em>\u201cbrindar m\u00e1s y mejores oportunidades y disminuir la tasa de desempleo\u201d.<\/em><\/strong><\/p>\n<p>&nbsp;<\/p>\n<blockquote><p>Para su puesta en marcha, la colaboraci\u00f3n p\u00fablico-privada es un eslab\u00f3n central y el Gobierno de CABA lleva adelante acuerdos con empresas y organizaciones, c\u00e1maras y sindicatos para promover la igualdad de oportunidades.<\/p><\/blockquote>\n<p>&nbsp;<\/p>\n<p>Para Vergel <em>\u201c<strong>debemos trabajar junto a nuestros j\u00f3venes, acompa\u00f1arlos, incentivarlos<\/strong> y generar o tender puentes para facilitar el empleo, m\u00e1xime si es el primero. En la actualidad, en nuestro pa\u00eds, tenemos medio mill\u00f3n j\u00f3venes desocupados, 1.2 mill\u00f3n en empleos asalariados no registrados y casi 1 mill\u00f3n que no estudian, no trabajan, ni buscan trabajo. Esto es preocupante, y por esta raz\u00f3n es necesario una r\u00e1pida colaboraci\u00f3n del Estado&#8221;<\/em><\/p>\n","protected":false},"excerpt":{"rendered":"<p>La concejal del radicalismo visit\u00f3 el Ministerio de Desarrollo Econ\u00f3mico y Producci\u00f3n del GCBA y mantuvo un di\u00e1logo con el<\/p>\n","protected":false},"author":2,"featured_media":58281,"comment_status":"closed","ping_status":"closed","sticky":false,"template":"","format":"standard","meta":{"_jetpack_memberships_contains_paid_content":false,"footnotes":""},"categories":[4,1],"tags":[],"class_list":["post-58276","post","type-post","status-publish","format-standard","has-post-thumbnail","hentry","category-politica","category-portada"],"jetpack_featured_media_url":"https:\/\/i0.wp.com\/cdnoticias.com\/wp-content\/uploads\/2022\/06\/WhatsApp-Image-2022-06-24-at-1.20.05-PM-1.jpeg?fit=1600%2C1200&ssl=1","jetpack_sharing_enabled":true,"_links":{"self":[{"href":"https:\/\/cdnoticias.com\/index.php\/wp-json\/wp\/v2\/posts\/58276","targetHints":{"allow":["GET"]}}],"collection":[{"href":"https:\/\/cdnoticias.com\/index.php\/wp-json\/wp\/v2\/posts"}],"about":[{"href":"https:\/\/cdnoticias.com\/index.php\/wp-json\/wp\/v2\/types\/post"}],"author":[{"embeddable":true,"href":"https:\/\/cdnoticias.com\/index.php\/wp-json\/wp\/v2\/users\/2"}],"replies":[{"embeddable":true,"href":"https:\/\/cdnoticias.com\/index.php\/wp-json\/wp\/v2\/comments?post=58276"}],"version-history":[{"count":0,"href":"https:\/\/cdnoticias.com\/index.php\/wp-json\/wp\/v2\/posts\/58276\/revisions"}],"wp:featuredmedia":[{"embeddable":true,"href":"https:\/\/cdnoticias.com\/index.php\/wp-json\/wp\/v2\/media\/58281"}],"wp:attachment":[{"href":"https:\/\/cdnoticias.com\/index.php\/wp-json\/wp\/v2\/media?parent=58276"}],"wp:term":[{"taxonomy":"category","embeddable":true,"href":"https:\/\/cdnoticias.com\/index.php\/wp-json\/wp\/v2\/categories?post=58276"},{"taxonomy":"post_tag","embeddable":true,"href":"https:\/\/cdnoticias.com\/index.php\/wp-json\/wp\/v2\/tags?post=58276"}],"curies":[{"name":"wp","href":"https:\/\/api.w.org\/{rel}","templated":true}]}}