{"id":58264,"date":"2022-06-25T20:00:22","date_gmt":"2022-06-25T23:00:22","guid":{"rendered":"https:\/\/www.centraldenoticias.com.ar\/?p=58264"},"modified":"2022-06-26T08:40:52","modified_gmt":"2022-06-26T11:40:52","slug":"iniciaron-los-talleres-de-punto-digital-en-loma-negra","status":"publish","type":"post","link":"https:\/\/cdnoticias.com\/index.php\/2022\/06\/25\/iniciaron-los-talleres-de-punto-digital-en-loma-negra\/","title":{"rendered":"Iniciaron los talleres de Punto Digital en Loma Negra"},"content":{"rendered":"<p>El ciclo consta de doce clases, y se replicar\u00e1n posteriormente en otras localidades.<!--more--><\/p>\n<hr \/>\n<p>&nbsp;<\/p>\n<p>El Municipio de Olavarr\u00eda, a trav\u00e9s de la Direcci\u00f3n de Educaci\u00f3n y el Programa de Promoci\u00f3n de Derechos para Personas con Discapacidad y Personas Mayores, inform\u00f3 que dieron<strong> inicio al ciclo de talleres de Punto Digital sobre tem\u00e1ticas vinculadas a la tecnolog\u00eda.<\/strong><\/p>\n<p>&nbsp;<\/p>\n<p>Se resalt\u00f3 que comenz\u00f3 <strong>&#8220;con muy buena concurrencia&#8221;<\/strong> en la sede del <strong>Centro de Jubilados de Loma Negra<\/strong> el taller de <strong>\u201cmanejo seguro de celulares<\/strong>\u201d, a cargo del docente Joaqu\u00edn M\u00e9ndez.<\/p>\n<p>&nbsp;<\/p>\n<p>Desde la <strong>Direcci\u00f3n de Educaci\u00f3n, Sof\u00eda Torres<\/strong> explic\u00f3 que \u201clos talleres itinerantes comenzaron a desarrollarse en la <strong>localidad de Loma Negra y Sierras Bayas<\/strong> como una propuesta conjunta con el \u00e1rea de Discapacidad y Personas Mayores y nos pareci\u00f3 muy interesante poder llegar a las localidades y a la mayor cantidad de p\u00fablico posible\u201d.<\/p>\n<p>&nbsp;<\/p>\n<p><img data-recalc-dims=\"1\" loading=\"lazy\" decoding=\"async\" class=\"aligncenter wp-image-58267 size-large\" src=\"https:\/\/i0.wp.com\/cdnoticias.com\/wp-content\/uploads\/2022\/06\/Cultura-Punto-Digital-Loma-Negra-2.jpg?resize=800%2C533&#038;ssl=1\" alt=\"\" width=\"800\" height=\"533\" srcset=\"https:\/\/i0.wp.com\/cdnoticias.com\/wp-content\/uploads\/2022\/06\/Cultura-Punto-Digital-Loma-Negra-2.jpg?resize=1024%2C682&amp;ssl=1 1024w, https:\/\/i0.wp.com\/cdnoticias.com\/wp-content\/uploads\/2022\/06\/Cultura-Punto-Digital-Loma-Negra-2.jpg?resize=300%2C200&amp;ssl=1 300w, https:\/\/i0.wp.com\/cdnoticias.com\/wp-content\/uploads\/2022\/06\/Cultura-Punto-Digital-Loma-Negra-2.jpg?resize=768%2C512&amp;ssl=1 768w, https:\/\/i0.wp.com\/cdnoticias.com\/wp-content\/uploads\/2022\/06\/Cultura-Punto-Digital-Loma-Negra-2.jpg?resize=1536%2C1024&amp;ssl=1 1536w, https:\/\/i0.wp.com\/cdnoticias.com\/wp-content\/uploads\/2022\/06\/Cultura-Punto-Digital-Loma-Negra-2.jpg?resize=272%2C182&amp;ssl=1 272w, https:\/\/i0.wp.com\/cdnoticias.com\/wp-content\/uploads\/2022\/06\/Cultura-Punto-Digital-Loma-Negra-2.jpg?w=1772&amp;ssl=1 1772w, https:\/\/i0.wp.com\/cdnoticias.com\/wp-content\/uploads\/2022\/06\/Cultura-Punto-Digital-Loma-Negra-2.jpg?w=1600&amp;ssl=1 1600w\" sizes=\"auto, (max-width: 800px) 100vw, 800px\" \/><\/p>\n<p>&nbsp;<\/p>\n<p>\u201cEsto tambi\u00e9n tuvo un trabajo previo de hacer un <strong>relevamiento por localidad para saber cu\u00e1les eran los intereses de los vecinos<\/strong> y llegar as\u00ed con las diferentes tem\u00e1ticas. Si bien Punto Digital tiene propuestas de talleres que todos los meses se van reformulando y tienen una gran convocatoria, esto de ir a la localidad y acercarnos con los docentes es algo sumamente valioso\u201d, indic\u00f3 Torres.<\/p>\n<p>&nbsp;<\/p>\n<p>&#8220;Estas iniciativas, son un avance en t\u00e9rminos de derechos, para garantizar el acceso a las nuevas tecnolog\u00edas de la informaci\u00f3n a las personas mayores&#8221; se agreg\u00f3. <strong>El ciclo consta de doce clases, y se replicar\u00e1n posteriormente en otras localidades.<\/strong><\/p>\n","protected":false},"excerpt":{"rendered":"<p>El ciclo consta de doce clases, y se replicar\u00e1n posteriormente en otras localidades.<\/p>\n","protected":false},"author":6,"featured_media":58266,"comment_status":"closed","ping_status":"closed","sticky":false,"template":"","format":"standard","meta":{"_jetpack_memberships_contains_paid_content":false,"footnotes":""},"categories":[5,1],"tags":[],"class_list":["post-58264","post","type-post","status-publish","format-standard","has-post-thumbnail","hentry","category-informacion-general","category-portada"],"jetpack_featured_media_url":"https:\/\/i0.wp.com\/cdnoticias.com\/wp-content\/uploads\/2022\/06\/Cultura-Punto-Digital-Loma-Negra-1.jpg?fit=1772%2C1181&ssl=1","jetpack_sharing_enabled":true,"_links":{"self":[{"href":"https:\/\/cdnoticias.com\/index.php\/wp-json\/wp\/v2\/posts\/58264","targetHints":{"allow":["GET"]}}],"collection":[{"href":"https:\/\/cdnoticias.com\/index.php\/wp-json\/wp\/v2\/posts"}],"about":[{"href":"https:\/\/cdnoticias.com\/index.php\/wp-json\/wp\/v2\/types\/post"}],"author":[{"embeddable":true,"href":"https:\/\/cdnoticias.com\/index.php\/wp-json\/wp\/v2\/users\/6"}],"replies":[{"embeddable":true,"href":"https:\/\/cdnoticias.com\/index.php\/wp-json\/wp\/v2\/comments?post=58264"}],"version-history":[{"count":0,"href":"https:\/\/cdnoticias.com\/index.php\/wp-json\/wp\/v2\/posts\/58264\/revisions"}],"wp:featuredmedia":[{"embeddable":true,"href":"https:\/\/cdnoticias.com\/index.php\/wp-json\/wp\/v2\/media\/58266"}],"wp:attachment":[{"href":"https:\/\/cdnoticias.com\/index.php\/wp-json\/wp\/v2\/media?parent=58264"}],"wp:term":[{"taxonomy":"category","embeddable":true,"href":"https:\/\/cdnoticias.com\/index.php\/wp-json\/wp\/v2\/categories?post=58264"},{"taxonomy":"post_tag","embeddable":true,"href":"https:\/\/cdnoticias.com\/index.php\/wp-json\/wp\/v2\/tags?post=58264"}],"curies":[{"name":"wp","href":"https:\/\/api.w.org\/{rel}","templated":true}]}}