{"id":58242,"date":"2022-06-25T08:29:56","date_gmt":"2022-06-25T11:29:56","guid":{"rendered":"https:\/\/www.centraldenoticias.com.ar\/?p=58242"},"modified":"2022-06-27T08:46:14","modified_gmt":"2022-06-27T11:46:14","slug":"la-mutual-macondo-realizara-un-abrazo-a-la-vieja-estacion-del-provincial","status":"publish","type":"post","link":"https:\/\/cdnoticias.com\/index.php\/2022\/06\/25\/la-mutual-macondo-realizara-un-abrazo-a-la-vieja-estacion-del-provincial\/","title":{"rendered":"La mutual Macondo realizar\u00e1 un abrazo a la Vieja Estaci\u00f3n del Provincial"},"content":{"rendered":"<p>Celebrar\u00e1n la decisi\u00f3n tomada que convierte a la Estaci\u00f3n del Provincial en un polo cultural. <!--more--><\/p>\n<hr \/>\n<p>&nbsp;<\/p>\n<p>Desde la mutual Macondo se difundi\u00f3 que se realizar\u00e1 un <strong>abrazo a la Vieja Estaci\u00f3n del Provincial para celebrar que se convertir\u00e1 en un polo cultural.\u00a0<\/strong><\/p>\n<p>&nbsp;<\/p>\n<p><img data-recalc-dims=\"1\" loading=\"lazy\" decoding=\"async\" class=\"aligncenter wp-image-58244 size-full\" src=\"https:\/\/i0.wp.com\/cdnoticias.com\/wp-content\/uploads\/2022\/06\/estacion.jpg?resize=800%2C445&#038;ssl=1\" alt=\"\" width=\"800\" height=\"445\" srcset=\"https:\/\/i0.wp.com\/cdnoticias.com\/wp-content\/uploads\/2022\/06\/estacion.jpg?w=800&amp;ssl=1 800w, https:\/\/i0.wp.com\/cdnoticias.com\/wp-content\/uploads\/2022\/06\/estacion.jpg?resize=300%2C167&amp;ssl=1 300w, https:\/\/i0.wp.com\/cdnoticias.com\/wp-content\/uploads\/2022\/06\/estacion.jpg?resize=768%2C427&amp;ssl=1 768w\" sizes=\"auto, (max-width: 800px) 100vw, 800px\" \/><\/p>\n<p>&nbsp;<\/p>\n<p>La noticia se conoci\u00f3 este mi\u00e9rcoles y fue confirmada por el <a href=\"https:\/\/cdnoticias.com\/index.php\/2022\/06\/22\/firmaron-el-convenio-de-traspaso-y-la-estacion-de-el-provincial-sera-un-polo-cultural\/\" target=\"_blank\" rel=\"noopener\">diputado provincial, C\u00e9sar Valicenti quien particip\u00f3 con Federico Aguilera<\/a> de la firma con el Instituto Cultural y el Ministerio de Hacienda bonaerense.<\/p>\n<p>&nbsp;<\/p>\n<p>La<strong> actividad ser\u00e1 este domingo a las 16:00 en las calles Jun\u00edn y Belgrano<\/strong> y se invit\u00f3 a vecinos, vecinas y artistas que quieran participar.<\/p>\n<p>&nbsp;<\/p>\n<p>&nbsp;<\/p>\n<p>&nbsp;<\/p>\n<p>&nbsp;<\/p>\n<p>&nbsp;<\/p>\n<p>&nbsp;<\/p>\n<p>&nbsp;<\/p>\n","protected":false},"excerpt":{"rendered":"<p>Celebrar\u00e1n la decisi\u00f3n tomada que convierte a la Estaci\u00f3n del Provincial en un polo cultural.<\/p>\n","protected":false},"author":6,"featured_media":58243,"comment_status":"closed","ping_status":"closed","sticky":false,"template":"","format":"standard","meta":{"_jetpack_memberships_contains_paid_content":false,"footnotes":""},"categories":[5],"tags":[],"class_list":["post-58242","post","type-post","status-publish","format-standard","has-post-thumbnail","hentry","category-informacion-general"],"jetpack_featured_media_url":"https:\/\/i0.wp.com\/cdnoticias.com\/wp-content\/uploads\/2022\/06\/abrazo01.jpg?fit=800%2C445&ssl=1","jetpack_sharing_enabled":true,"_links":{"self":[{"href":"https:\/\/cdnoticias.com\/index.php\/wp-json\/wp\/v2\/posts\/58242","targetHints":{"allow":["GET"]}}],"collection":[{"href":"https:\/\/cdnoticias.com\/index.php\/wp-json\/wp\/v2\/posts"}],"about":[{"href":"https:\/\/cdnoticias.com\/index.php\/wp-json\/wp\/v2\/types\/post"}],"author":[{"embeddable":true,"href":"https:\/\/cdnoticias.com\/index.php\/wp-json\/wp\/v2\/users\/6"}],"replies":[{"embeddable":true,"href":"https:\/\/cdnoticias.com\/index.php\/wp-json\/wp\/v2\/comments?post=58242"}],"version-history":[{"count":0,"href":"https:\/\/cdnoticias.com\/index.php\/wp-json\/wp\/v2\/posts\/58242\/revisions"}],"wp:featuredmedia":[{"embeddable":true,"href":"https:\/\/cdnoticias.com\/index.php\/wp-json\/wp\/v2\/media\/58243"}],"wp:attachment":[{"href":"https:\/\/cdnoticias.com\/index.php\/wp-json\/wp\/v2\/media?parent=58242"}],"wp:term":[{"taxonomy":"category","embeddable":true,"href":"https:\/\/cdnoticias.com\/index.php\/wp-json\/wp\/v2\/categories?post=58242"},{"taxonomy":"post_tag","embeddable":true,"href":"https:\/\/cdnoticias.com\/index.php\/wp-json\/wp\/v2\/tags?post=58242"}],"curies":[{"name":"wp","href":"https:\/\/api.w.org\/{rel}","templated":true}]}}