{"id":58172,"date":"2022-06-24T17:27:44","date_gmt":"2022-06-24T20:27:44","guid":{"rendered":"https:\/\/www.centraldenoticias.com.ar\/?p=58172"},"modified":"2022-06-24T17:27:44","modified_gmt":"2022-06-24T20:27:44","slug":"segunda-jornada-sobre-genero-diversidad-e-infancias","status":"publish","type":"post","link":"https:\/\/cdnoticias.com\/index.php\/2022\/06\/24\/segunda-jornada-sobre-genero-diversidad-e-infancias\/","title":{"rendered":"Segunda jornada sobre g\u00e9nero, diversidad e infancias"},"content":{"rendered":"<p>Ser\u00e1 este s\u00e1bado 25 de junio a partir de las 10:00 en la Facultad de Ciencias Sociales. <!--more--><\/p>\n<hr \/>\n<p>Este <strong>s\u00e1bado 25 de junio se realizar\u00e1 la segunda jornada sobre g\u00e9nero, diversidad e infancias<\/strong> en el horario de <strong>10:00 a 12:00.\u00a0<\/strong><\/p>\n<p>&nbsp;<\/p>\n<p>La cita ser\u00e1 en la <strong>Facultad de Ciencias Sociales,<\/strong> ubicada en <strong>avenida Del Valle 5737.<\/strong> El lugar especific\u00f3 ser\u00e1 Aulas Comunes.<\/p>\n<p>&nbsp;<\/p>\n<p>La jornada est\u00e1 <strong>destinada a &#8220;adultxs que trabajan en relaci\u00f3n a las infancias&#8221;<\/strong> y es de forma gratuita.<\/p>\n<p>&nbsp;<\/p>\n<p>&nbsp;<\/p>\n","protected":false},"excerpt":{"rendered":"<p>Ser\u00e1 este s\u00e1bado 25 de junio a partir de las 10:00 en la Facultad de Ciencias Sociales.<\/p>\n","protected":false},"author":6,"featured_media":58175,"comment_status":"closed","ping_status":"closed","sticky":false,"template":"","format":"standard","meta":{"_jetpack_memberships_contains_paid_content":false,"footnotes":""},"categories":[3,1],"tags":[],"class_list":["post-58172","post","type-post","status-publish","format-standard","has-post-thumbnail","hentry","category-genero","category-portada"],"jetpack_featured_media_url":"https:\/\/i0.wp.com\/cdnoticias.com\/wp-content\/uploads\/2022\/06\/Diseno-sin-titulo-36.jpg?fit=1920%2C1080&ssl=1","jetpack_sharing_enabled":true,"_links":{"self":[{"href":"https:\/\/cdnoticias.com\/index.php\/wp-json\/wp\/v2\/posts\/58172","targetHints":{"allow":["GET"]}}],"collection":[{"href":"https:\/\/cdnoticias.com\/index.php\/wp-json\/wp\/v2\/posts"}],"about":[{"href":"https:\/\/cdnoticias.com\/index.php\/wp-json\/wp\/v2\/types\/post"}],"author":[{"embeddable":true,"href":"https:\/\/cdnoticias.com\/index.php\/wp-json\/wp\/v2\/users\/6"}],"replies":[{"embeddable":true,"href":"https:\/\/cdnoticias.com\/index.php\/wp-json\/wp\/v2\/comments?post=58172"}],"version-history":[{"count":0,"href":"https:\/\/cdnoticias.com\/index.php\/wp-json\/wp\/v2\/posts\/58172\/revisions"}],"wp:featuredmedia":[{"embeddable":true,"href":"https:\/\/cdnoticias.com\/index.php\/wp-json\/wp\/v2\/media\/58175"}],"wp:attachment":[{"href":"https:\/\/cdnoticias.com\/index.php\/wp-json\/wp\/v2\/media?parent=58172"}],"wp:term":[{"taxonomy":"category","embeddable":true,"href":"https:\/\/cdnoticias.com\/index.php\/wp-json\/wp\/v2\/categories?post=58172"},{"taxonomy":"post_tag","embeddable":true,"href":"https:\/\/cdnoticias.com\/index.php\/wp-json\/wp\/v2\/tags?post=58172"}],"curies":[{"name":"wp","href":"https:\/\/api.w.org\/{rel}","templated":true}]}}