{"id":5810,"date":"2020-11-06T10:33:04","date_gmt":"2020-11-06T13:33:04","guid":{"rendered":"http:\/\/www.centraldenoticias.com.ar\/?p=5810"},"modified":"2020-11-06T11:37:15","modified_gmt":"2020-11-06T14:37:15","slug":"covid-con-casos-en-baja-habra-anuncio-de-kicillof-esta-tarde","status":"publish","type":"post","link":"https:\/\/cdnoticias.com\/index.php\/2020\/11\/06\/covid-con-casos-en-baja-habra-anuncio-de-kicillof-esta-tarde\/","title":{"rendered":"Covid: con casos en baja, habr\u00e1 anuncio de Kicillof esta tarde"},"content":{"rendered":"<p>El Gobernador habl\u00f3 el jueves con los intendentes y el Comit\u00e9 de Expertos. Este viernes se reuni\u00f3 con el presidente Alberto Fern\u00e1ndez. El Ministro de Salud bonaerense se\u00f1al\u00f3 que la situaci\u00f3n del interior \u201cnos preocupaba\u201d y valor\u00f3 que \u201choy observamos un descenso de los casos\u201d.<!--more--><\/p>\n<hr \/>\n<p><strong>La situaci\u00f3n sanitaria de la provincia de Buenos Aires en el marco de la pandemia muestra una mejora general.<\/strong> El gobernador Axel Kicillof habl\u00f3 el jueves con los intendentes y el Comit\u00e9 de Expertos para evaluar el panorama.<\/p>\n<p>Seg\u00fan se adelant\u00f3, <strong>este viernes se reuni\u00f3 con el presidente Alberto Fern\u00e1ndez<\/strong> en una encuentro que tuvo lugar en la Quinta Presidencial de Olivos donde tambi\u00e9n estuvo el jefe de Gobierno de CABA, Horacio Rodr\u00edguez Larreta.<\/p>\n<blockquote><p>Tras estos contactos, se anunci\u00f3 que a las 18 habr\u00e1 una conferencia de prensa en La Plata en la que Kicillof detallar\u00e1 la nueva etapa del ASPO y el DISPO en la Provincia.<\/p><\/blockquote>\n<p><strong>Con los intendentes<\/strong><\/p>\n<p>Durante el jueves, el gobernador Axel Kicillof y funcionarios del Gabinete se reunieron de manera virtual con intendentes e integrantes del Comit\u00e9 de Expertos para analizar la situaci\u00f3n epidemiol\u00f3gica bonaerense y abordar posibles modificaciones de cara a las pr\u00f3ximas semanas.<\/p>\n<p>Participaron la vicegobernadora Ver\u00f3nica Magario; el jefe de Gabinete, Carlos Bianco; los ministros de Salud, Daniel Gollan; y de Producci\u00f3n, Ciencia e Innovaci\u00f3n Tecnol\u00f3gica, Augusto Costa; la ministra de Gobierno, Teresa Garc\u00eda; la directora general de Cultura y Educaci\u00f3n, Agustina Vila, y el viceministro de Salud, Nicol\u00e1s Kreplak.<\/p>\n<p><img data-recalc-dims=\"1\" loading=\"lazy\" decoding=\"async\" class=\"aligncenter wp-image-5815\" src=\"https:\/\/i0.wp.com\/cdnoticias.com\/wp-content\/uploads\/2020\/11\/kicillof-intendentes-01.jpg?resize=600%2C375&#038;ssl=1\" alt=\"\" width=\"600\" height=\"375\" srcset=\"https:\/\/i0.wp.com\/cdnoticias.com\/wp-content\/uploads\/2020\/11\/kicillof-intendentes-01.jpg?resize=300%2C188&amp;ssl=1 300w, https:\/\/i0.wp.com\/cdnoticias.com\/wp-content\/uploads\/2020\/11\/kicillof-intendentes-01.jpg?resize=768%2C480&amp;ssl=1 768w, https:\/\/i0.wp.com\/cdnoticias.com\/wp-content\/uploads\/2020\/11\/kicillof-intendentes-01.jpg?resize=1024%2C640&amp;ssl=1 1024w, https:\/\/i0.wp.com\/cdnoticias.com\/wp-content\/uploads\/2020\/11\/kicillof-intendentes-01.jpg?w=1600&amp;ssl=1 1600w, https:\/\/i0.wp.com\/cdnoticias.com\/wp-content\/uploads\/2020\/11\/kicillof-intendentes-01.jpg?w=2400&amp;ssl=1 2400w\" sizes=\"auto, (max-width: 600px) 100vw, 600px\" \/><\/p>\n<p>Se detall\u00f3 desde la Provincia que <strong>el Gobernador escuch\u00f3 las recomendaciones de los especialistas y repas\u00f3 las cifras que dan cuenta de una reducci\u00f3n sostenida tanto de los casos positivos como de la utilizaci\u00f3n de camas en el sistema hospitalario<\/strong>. \u201cSon muchos los factores que han contribuido. Entre ellos se encuentran las pol\u00edticas que adoptamos para profundizar el seguimiento de los casos, los testeos, los protocolos que se establecieron para las actividades productivas y las normas de distanciamiento y cuidado personal\u201d, explic\u00f3 Kicillof.<\/p>\n<blockquote><p>En di\u00e1logo con los jefes municipales, coincidi\u00f3 en que \u201cse hizo un trabajo integral y coordinado que hoy nos permite ver una reducci\u00f3n de los casos en toda la Provincia\u201d. Subray\u00f3, \u201ctodav\u00eda estamos lejos de poder decir que hemos derrotado al virus, pero logramos fortalecer el sistema sanitario para que nadie se quede sin la atenci\u00f3n necesaria\u201d.<\/p><\/blockquote>\n<p>Respecto a los acuerdos firmados por el Gobierno nacional para la adquisici\u00f3n de las vacunas, Kicillof destac\u00f3 \u201cla vocaci\u00f3n de trabajo conjunto que hemos sostenido la Naci\u00f3n y la Provincia para <strong>garantizar el acceso a los tratamientos y la vacuna para los y las bonaerenses<\/strong>\u201d, en tanto que se\u00f1al\u00f3 que \u201cestos avances son importantes pero debemos seguir reforzando los cuidados porque la pandemia todav\u00eda no termin\u00f3\u201d.<\/p>\n<p>Por su parte, Gollan explic\u00f3 que \u201cen el conurbano los casos promedio por d\u00eda descendieron de 5.000 a 2.000 y tenemos expectativas de que esa disminuci\u00f3n se acent\u00fae\u201d. El titular de Salud agreg\u00f3 -en l\u00ednea con lo que hab\u00eda expuesto en la <a href=\"https:\/\/cdnoticias.com\/index.php\/2020\/11\/03\/covid-19-en-la-provincia-los-casos-tambien-bajan-en-el-interior\/\">conferencia del martes<\/a>&#8211; que<strong> \u201ces muy importante que se haya empezado a estabilizar tambi\u00e9n el interior de la Provincia. Era una situaci\u00f3n que nos preocupaba y en la que hoy observamos un descenso de los casos\u201d<\/strong>.<\/p>\n<p>A su turno, Costa enfatiz\u00f3 que \u201cen los pr\u00f3ximos d\u00edas ya estar\u00e1 disponible <strong>la aplicaci\u00f3n Cuidar Verano para que se pueda gestionar el ingreso a los destinos tur\u00edsticos<\/strong>\u201d. \u201cSeguiremos trabajando para establecer criterios bajo los cuales se puedan desarrollar algunas actividades sin riesgo sanitario\u201d, agreg\u00f3.<\/p>\n<p>Kreplak indic\u00f3 que la Provincia est\u00e1 preparando \u201cuna log\u00edstica muy potente para cuando la vacuna est\u00e9 disponible\u201d. Por otro lado subray\u00f3: \u201cNo podemos bajar la guardia. De cara a la temporada de verano vamos a continuar promoviendo las pol\u00edticas de cuidado y el cumplimiento de los protocolos\u201d.<\/p>\n<p>Respecto al retorno de las clases presenciales Vila explic\u00f3: \u201c<strong>Seguimos trabajando en el regreso paulatino de chicos y chicas a las escuelas<\/strong>, siempre con protocolos y atentos a la situaci\u00f3n epidemiol\u00f3gica de cada distrito. A partir de las medidas de cuidado que fueron adoptadas por la comunidad educativa, no se han registrado hasta aqu\u00ed situaciones problem\u00e1ticas que impliquen un retroceso\u201d.<\/p>\n<p>En representaci\u00f3n de los jefes comunales, el intendente de Esteban Echeverr\u00eda, Fernando Gray, sostuvo: \u201cAhora que se est\u00e1n estabilizando los casos, hay que destacar que, al contrario de la situaci\u00f3n tan dif\u00edcil que muchos esperaban para la provincia de Buenos Aires, <strong>se abrieron hospitales que estaban cerrados, se entregaron respiradores, insumos y recursos para enfrentar a la enfermedad en todos los distritos<\/strong>\u201d.<\/p>\n<p>De parte del Comit\u00e9 de Expertos estuvieron Christian Panigadi, Elisa Estenssoro, Guillermo Docena, Jorge Rachid, Mar\u00eda de los \u00c1ngeles Conti, Susana Ortale, Juan Manuel Carballeda, Ezequiel \u00c1lvarez, Irene Pagano, Rodrigo Quiroga, Ana Huergo, Rosa Bologna, Sebasti\u00e1n Uchitel, Victor Romanowski, Jorge Geffner, Franco M\u00e1rsico, Andrea Gamarnik, Jorge Aliaga, Leonel Tesler, Tom\u00e1s Orduna, Soledad Gonz\u00e1lez y Guillermo Dur\u00e1n.<\/p>\n<p>Participaron tambi\u00e9n de las videoconferencias la directora de Epidemiolog\u00eda, Teresa Varela; las subsecretarias de Salud Mental, Julieta Calmels; y de Gesti\u00f3n de la Informaci\u00f3n, Educaci\u00f3n Permanente y Fiscalizaci\u00f3n, Leticia Ceriani. Tambi\u00e9n estuvieron presentes los presidentes de la Comisi\u00f3n de Investigaciones Cient\u00edficas, Carlos Na\u00f3n; y de IOMA, Homero Giles; y el subsecretario de Ciencia y Tecnolog\u00eda provincial, Federico Ag\u00fcero.<\/p>\n","protected":false},"excerpt":{"rendered":"<p>El Gobernador habl\u00f3 el jueves con los intendentes y el Comit\u00e9 de Expertos. Este viernes se reuni\u00f3 con el presidente<\/p>\n","protected":false},"author":4,"featured_media":5812,"comment_status":"closed","ping_status":"closed","sticky":false,"template":"","format":"standard","meta":{"_jetpack_memberships_contains_paid_content":false,"footnotes":""},"categories":[6,1],"tags":[],"class_list":["post-5810","post","type-post","status-publish","format-standard","has-post-thumbnail","hentry","category-nacionales","category-portada"],"jetpack_featured_media_url":"https:\/\/i0.wp.com\/cdnoticias.com\/wp-content\/uploads\/2020\/11\/kicillof-intendentes-04.jpg?fit=5256%2C3506&ssl=1","jetpack_sharing_enabled":true,"_links":{"self":[{"href":"https:\/\/cdnoticias.com\/index.php\/wp-json\/wp\/v2\/posts\/5810","targetHints":{"allow":["GET"]}}],"collection":[{"href":"https:\/\/cdnoticias.com\/index.php\/wp-json\/wp\/v2\/posts"}],"about":[{"href":"https:\/\/cdnoticias.com\/index.php\/wp-json\/wp\/v2\/types\/post"}],"author":[{"embeddable":true,"href":"https:\/\/cdnoticias.com\/index.php\/wp-json\/wp\/v2\/users\/4"}],"replies":[{"embeddable":true,"href":"https:\/\/cdnoticias.com\/index.php\/wp-json\/wp\/v2\/comments?post=5810"}],"version-history":[{"count":0,"href":"https:\/\/cdnoticias.com\/index.php\/wp-json\/wp\/v2\/posts\/5810\/revisions"}],"wp:featuredmedia":[{"embeddable":true,"href":"https:\/\/cdnoticias.com\/index.php\/wp-json\/wp\/v2\/media\/5812"}],"wp:attachment":[{"href":"https:\/\/cdnoticias.com\/index.php\/wp-json\/wp\/v2\/media?parent=5810"}],"wp:term":[{"taxonomy":"category","embeddable":true,"href":"https:\/\/cdnoticias.com\/index.php\/wp-json\/wp\/v2\/categories?post=5810"},{"taxonomy":"post_tag","embeddable":true,"href":"https:\/\/cdnoticias.com\/index.php\/wp-json\/wp\/v2\/tags?post=5810"}],"curies":[{"name":"wp","href":"https:\/\/api.w.org\/{rel}","templated":true}]}}