{"id":58083,"date":"2022-06-22T18:36:55","date_gmt":"2022-06-22T21:36:55","guid":{"rendered":"https:\/\/www.centraldenoticias.com.ar\/?p=58083"},"modified":"2022-06-23T07:41:02","modified_gmt":"2022-06-23T10:41:02","slug":"reunion-en-el-ministerio-de-transporte-por-el-abastecimiento-de-gasoil","status":"publish","type":"post","link":"https:\/\/cdnoticias.com\/index.php\/2022\/06\/22\/reunion-en-el-ministerio-de-transporte-por-el-abastecimiento-de-gasoil\/","title":{"rendered":"Reuni\u00f3n en el Ministerio de Transporte por el abastecimiento de gasoil"},"content":{"rendered":"<p>Luego de los reclamos en distintos puntos del pa\u00eds por la falta de combustible, quipos t\u00e9cnicos del Ministerio de Transporte de la Naci\u00f3n y de la provincia de Buenos Aires, funcionarios de la Secretar\u00eda de Energ\u00eda y representantes del sector transportista buscar\u00e1n encontrar una salida negociada a la situaci\u00f3n.<!--more--><\/p>\n<hr \/>\n<p>&nbsp;<\/p>\n<p>Equipos t\u00e9cnicos del Ministerio de Transporte de la Naci\u00f3n y de la provincia de Buenos Aires, funcionarios de la Secretar\u00eda de Energ\u00eda y representantes del sector transportista se reunir\u00e1n este mi\u00e9rcoles para abrir una<strong> instancia de di\u00e1logo<\/strong> relacionada con los<strong> reclamos de falta de gasoil en distintos puntos del pa\u00eds.<\/strong><\/p>\n<p>&nbsp;<\/p>\n<p>El encuentro se llevar\u00e1 a cabo en el<strong> \u00e1rea de Transporte de Cargas<\/strong> de la cartera nacional, en el microcentro porte\u00f1o, confirmaron fuentes privadas y oficiales.<\/p>\n<p>&nbsp;<\/p>\n<p>La reuni\u00f3n se producir\u00e1 luego de que durante la ma\u00f1ana se llevara a cabo un <strong>corte de tr\u00e1nsito en la autopista Buenos Aires-La Plata,<\/strong> un punto neur\u00e1lgico para el acceso a la zona metropolitana desde la zona sur, que se inici\u00f3 cerca de las 6 a la altura del peaje Dock Sud mano a Capital Federal.<\/p>\n<p>&nbsp;<\/p>\n<p>La protesta fue llevada a cabo por <strong>due\u00f1os de camiones que reclaman por la falta de gasoil en distintas zonas del pa\u00eds y los sobreprecios que se registran en el precio del combustible.<\/strong><\/p>\n<p>&nbsp;<\/p>\n<p>El <strong>ministro de Transporte de la provincia de Buenos Aires, Jorge D&#8217;Onofrio<\/strong>, asegur\u00f3 que tanto el abastecimiento de gasoil como el tema de los &#8220;sobreprecios, que surgen siempre que hay un faltante&#8221;, se encuentran <strong>&#8220;en v\u00edas de soluci\u00f3n&#8221;.<\/strong><\/p>\n<p>&nbsp;<\/p>\n<p>Dijo tambi\u00e9n que la protesta realizada por transportistas en la autopista Buenos Aires-La Plata, que mantuvo interrumpido totalmente el tr\u00e1nsito durante m\u00e1s de dos horas en la mano que va hacia la ciudad de Buenos Aires, en plena hora pico, <strong>&#8220;sorprendi\u00f3 absolutamente&#8221;<\/strong> porque desde el Gobierno de la provincia de Buenos Aires y de la Naci\u00f3n vienen &#8220;trabajando con las c\u00e1maras de transporte&#8221; para buscar una soluci\u00f3n.<\/p>\n<p>&nbsp;<\/p>\n<p><em>Fuente: T\u00e9lam\u00a0<\/em><\/p>\n","protected":false},"excerpt":{"rendered":"<p>Luego de los reclamos en distintos puntos del pa\u00eds por la falta de combustible, quipos t\u00e9cnicos del Ministerio de Transporte<\/p>\n","protected":false},"author":6,"featured_media":56585,"comment_status":"closed","ping_status":"closed","sticky":false,"template":"","format":"standard","meta":{"_jetpack_memberships_contains_paid_content":false,"footnotes":""},"categories":[6],"tags":[],"class_list":["post-58083","post","type-post","status-publish","format-standard","has-post-thumbnail","hentry","category-nacionales"],"jetpack_featured_media_url":"https:\/\/i0.wp.com\/cdnoticias.com\/wp-content\/uploads\/2022\/06\/GASOIL.jpg?fit=1200%2C800&ssl=1","jetpack_sharing_enabled":true,"_links":{"self":[{"href":"https:\/\/cdnoticias.com\/index.php\/wp-json\/wp\/v2\/posts\/58083","targetHints":{"allow":["GET"]}}],"collection":[{"href":"https:\/\/cdnoticias.com\/index.php\/wp-json\/wp\/v2\/posts"}],"about":[{"href":"https:\/\/cdnoticias.com\/index.php\/wp-json\/wp\/v2\/types\/post"}],"author":[{"embeddable":true,"href":"https:\/\/cdnoticias.com\/index.php\/wp-json\/wp\/v2\/users\/6"}],"replies":[{"embeddable":true,"href":"https:\/\/cdnoticias.com\/index.php\/wp-json\/wp\/v2\/comments?post=58083"}],"version-history":[{"count":0,"href":"https:\/\/cdnoticias.com\/index.php\/wp-json\/wp\/v2\/posts\/58083\/revisions"}],"wp:featuredmedia":[{"embeddable":true,"href":"https:\/\/cdnoticias.com\/index.php\/wp-json\/wp\/v2\/media\/56585"}],"wp:attachment":[{"href":"https:\/\/cdnoticias.com\/index.php\/wp-json\/wp\/v2\/media?parent=58083"}],"wp:term":[{"taxonomy":"category","embeddable":true,"href":"https:\/\/cdnoticias.com\/index.php\/wp-json\/wp\/v2\/categories?post=58083"},{"taxonomy":"post_tag","embeddable":true,"href":"https:\/\/cdnoticias.com\/index.php\/wp-json\/wp\/v2\/tags?post=58083"}],"curies":[{"name":"wp","href":"https:\/\/api.w.org\/{rel}","templated":true}]}}