{"id":58073,"date":"2022-06-22T19:06:02","date_gmt":"2022-06-22T22:06:02","guid":{"rendered":"https:\/\/www.centraldenoticias.com.ar\/?p=58073"},"modified":"2022-06-22T19:06:02","modified_gmt":"2022-06-22T22:06:02","slug":"ley-micaela-a-partir-de-julio-habra-capacitaciones-obligatorias-en-el-concejo-deliberante","status":"publish","type":"post","link":"https:\/\/cdnoticias.com\/index.php\/2022\/06\/22\/ley-micaela-a-partir-de-julio-habra-capacitaciones-obligatorias-en-el-concejo-deliberante\/","title":{"rendered":"Ley Micaela: a partir de julio habr\u00e1 capacitaciones obligatorias en el Concejo Deliberante"},"content":{"rendered":"<p>Las capacitaciones abarcan al personal administrativo, funcionarios y concejales y concejalas.<!--more--><\/p>\n<hr \/>\n<p>&nbsp;<\/p>\n<p>En el mes de julio, en fecha a definir, <strong>habr\u00e1 capacitaciones permanentes por la Ley Micaela en el Concejo Deliberante<\/strong> que abarcar\u00e1n al <strong>personal administrativo, funcionarios y concejales y concejalas.<\/strong><\/p>\n<p>&nbsp;<\/p>\n<p>As\u00ed se inform\u00f3 luego de una reuni\u00f3n que mantuvieron este mi\u00e9rcoles la <strong>Lic. Cecilia Krivochen, presidente del Concejo Deliberante y la Lic. Florencia Caro, Directora de Pol\u00edticas de G\u00e9nero<\/strong> del Gobierno Municipal.<\/p>\n<p>&nbsp;<\/p>\n<p><strong>Cecilia Krivochen<\/strong> adelant\u00f3 que durante la reuni\u00f3n quedaron establecidas las principales l\u00edneas de trabajo al tiempo que explic\u00f3 que<strong> \u201cse analizaron herramientas para continuar incluyendo perspectiva de g\u00e9nero en la legislaci\u00f3n local\u201d.<\/strong><\/p>\n<p>&nbsp;<\/p>\n<p>Adem\u00e1s, Krivochen destac\u00f3 que <em>\u201c<strong>gracias al di\u00e1logo permanente y sostenido con la Direcci\u00f3n de Pol\u00edticas de G\u00e9nero del Municipio, hemos podido iniciar este trabajo conjunto que significar\u00e1 no solo cumplir con lo que pide la Ley Micaela sino realizar un trabajo diario y en conjunto en materia de pol\u00edticas de g\u00e9nero\u201d.<\/strong><\/em><\/p>\n<p>&nbsp;<\/p>\n<p>&#8220;Para muchos de los integrantes del HCD, ser\u00e1 una continuidad con el trabajo realizado en a\u00f1os anteriores, aunque para otros significar\u00e1 un primer acercamiento a este tema tan importante tanto para la vida legislativa como para el desarrollo de una sociedad m\u00e1s igualitaria\u201d cerr\u00f3 Krivochen.<\/p>\n","protected":false},"excerpt":{"rendered":"<p>Las capacitaciones abarcan al personal administrativo, funcionarios y concejales y concejalas.<\/p>\n","protected":false},"author":6,"featured_media":58074,"comment_status":"closed","ping_status":"closed","sticky":false,"template":"","format":"standard","meta":{"_jetpack_memberships_contains_paid_content":false,"footnotes":""},"categories":[4,1],"tags":[],"class_list":["post-58073","post","type-post","status-publish","format-standard","has-post-thumbnail","hentry","category-politica","category-portada"],"jetpack_featured_media_url":"https:\/\/i0.wp.com\/cdnoticias.com\/wp-content\/uploads\/2022\/06\/Krivochen-FlorenciaCaro.jpg?fit=1173%2C771&ssl=1","jetpack_sharing_enabled":true,"_links":{"self":[{"href":"https:\/\/cdnoticias.com\/index.php\/wp-json\/wp\/v2\/posts\/58073","targetHints":{"allow":["GET"]}}],"collection":[{"href":"https:\/\/cdnoticias.com\/index.php\/wp-json\/wp\/v2\/posts"}],"about":[{"href":"https:\/\/cdnoticias.com\/index.php\/wp-json\/wp\/v2\/types\/post"}],"author":[{"embeddable":true,"href":"https:\/\/cdnoticias.com\/index.php\/wp-json\/wp\/v2\/users\/6"}],"replies":[{"embeddable":true,"href":"https:\/\/cdnoticias.com\/index.php\/wp-json\/wp\/v2\/comments?post=58073"}],"version-history":[{"count":0,"href":"https:\/\/cdnoticias.com\/index.php\/wp-json\/wp\/v2\/posts\/58073\/revisions"}],"wp:featuredmedia":[{"embeddable":true,"href":"https:\/\/cdnoticias.com\/index.php\/wp-json\/wp\/v2\/media\/58074"}],"wp:attachment":[{"href":"https:\/\/cdnoticias.com\/index.php\/wp-json\/wp\/v2\/media?parent=58073"}],"wp:term":[{"taxonomy":"category","embeddable":true,"href":"https:\/\/cdnoticias.com\/index.php\/wp-json\/wp\/v2\/categories?post=58073"},{"taxonomy":"post_tag","embeddable":true,"href":"https:\/\/cdnoticias.com\/index.php\/wp-json\/wp\/v2\/tags?post=58073"}],"curies":[{"name":"wp","href":"https:\/\/api.w.org\/{rel}","templated":true}]}}