{"id":58057,"date":"2022-06-22T13:17:07","date_gmt":"2022-06-22T16:17:07","guid":{"rendered":"https:\/\/www.centraldenoticias.com.ar\/?p=58057"},"modified":"2022-06-22T16:31:57","modified_gmt":"2022-06-22T19:31:57","slug":"el-municipio-solicito-la-conciliacion-obligatoria-con-el-stmo","status":"publish","type":"post","link":"https:\/\/cdnoticias.com\/index.php\/2022\/06\/22\/el-municipio-solicito-la-conciliacion-obligatoria-con-el-stmo\/","title":{"rendered":"El Municipio solicit\u00f3 la conciliaci\u00f3n obligatoria con el STMO"},"content":{"rendered":"<p>La solicitud se present\u00f3 ante el Ministerio de Trabajo y este mismo mi\u00e9rcoles habr\u00e1 audiencia por la tarde. Consideraron que el accionar del STMO es \u201cdesmedido\u201d.<!--more--><\/p>\n<hr \/>\n<p><strong>El Gobierno Municipal, a trav\u00e9s de la Subsecretar\u00eda de Legal y T\u00e9cnica, inform\u00f3 que en la ma\u00f1ana de este mi\u00e9rcoles present\u00f3 ante la Delegaci\u00f3n Olavarr\u00eda del Ministerio de Trabajo de la provincia de Buenos Aires una solicitud de conciliaci\u00f3n obligatoria<\/strong> con el Sindicato de Trabajadores Municipales Olavarr\u00eda (STMO) por <strong>incumplimiento al art\u00edculo 24 de la Ley 25.877<\/strong>.<\/p>\n<p>&nbsp;<\/p>\n<blockquote><p>En este sentido, se indic\u00f3 que \u201cel mencionado art\u00edculo determina a los Hospitales como servicios esenciales para acotar el accionar de medidas gremiales o sindicales\u201d.<\/p><\/blockquote>\n<p>&nbsp;<\/p>\n<p><strong>Para esta misma jornada las partes fueron convocadas a una audiencia<\/strong>.<\/p>\n<p>&nbsp;<\/p>\n<p>El Municipio realiz\u00f3 y present\u00f3 <strong>\u201cun informe pormenorizado de cada uno de los servicios afectados por el desmedido accionar del Sindicato de Trabajadores Municipales de Olavarr\u00eda<\/strong>, poniendo en riesgo la salud y el bienestar de la comunidad toda sin permitir que se brinden un adecuado servicio de salud\u201d. <a href=\"https:\/\/cdnoticias.com\/index.php\/2022\/06\/16\/pretendemos-que-mejoren-los-salarios-pero-tambien-cuidar-las-arcas-del-municipio\/\" target=\"_blank\" rel=\"noopener\">Este planteo hab\u00eda sido expuesto en la conferencia de prensa del jueves pasado<\/a>.<\/p>\n<p>&nbsp;<\/p>\n<p>Asimismo, el Gobierno Municipal inform\u00f3 que \u201cdesde los primeros d\u00edas del mes de junio <strong>se ha suspendido la atenci\u00f3n en el sector de turnos del Hospital Municipal \u00b4H\u00e9ctor Cura\u00b4<\/strong>; en el <strong>sector lavadero y limpieza<\/strong> s\u00f3lo se provee la ropa de cama para aquellos pacientes que ingresen por una urgencia, neg\u00e1ndose el servicio de recambio de sabanas para los internados que deben traer su propia ropa de cama\u201d.<\/p>\n<p>&nbsp;<\/p>\n<p>Respecto del <strong>\u00e1rea de limpieza se detall\u00f3 que \u201cest\u00e1 cubriendo el servicio m\u00ednimo para cumplir con las normas de bioseguridad e higiene<\/strong>, dej\u00e1ndose sin limpieza a los sectores comunes, pasillos y aquellos transitados por el p\u00fablico en general, con el agravante de que <strong>no se est\u00e1 cumpliendo con el servicio en el \u00e1rea de hemoterapia<\/strong>\u201d.<\/p>\n<p>&nbsp;<\/p>\n<p>\u201cEl desarrollo normal del<strong> \u00e1rea de Atenci\u00f3n Primaria tambi\u00e9n se ha visto afectado<\/strong> puesto que se ha interrumpido la atenci\u00f3n de consultas para evaluaci\u00f3n y\/o control, permiti\u00e9ndose s\u00f3lo la atenci\u00f3n de urgencias y consultas por anticoncepci\u00f3n\u201d inform\u00f3 el Municipio.<\/p>\n<p>&nbsp;<\/p>\n<p>Finalmente, se indic\u00f3 que <strong>el Ministerio de Trabajo fij\u00f3 una audiencia entre las partes para este mi\u00e9rcoles 22 de junio a las 17 horas<\/strong> en la sede del organismo provincial, ubicado en la calle Coronel Su\u00e1rez N\u00ba 3064.<\/p>\n<p>&nbsp;<\/p>\n","protected":false},"excerpt":{"rendered":"<p>La solicitud se present\u00f3 ante el Ministerio de Trabajo y este mismo mi\u00e9rcoles habr\u00e1 audiencia por la tarde. Consideraron que<\/p>\n","protected":false},"author":4,"featured_media":50371,"comment_status":"closed","ping_status":"closed","sticky":false,"template":"","format":"standard","meta":{"_jetpack_memberships_contains_paid_content":false,"footnotes":""},"categories":[5,1],"tags":[],"class_list":["post-58057","post","type-post","status-publish","format-standard","has-post-thumbnail","hentry","category-informacion-general","category-portada"],"jetpack_featured_media_url":"https:\/\/i0.wp.com\/cdnoticias.com\/wp-content\/uploads\/2022\/03\/Palacio-Municipal-San-Martin-drone-Olavarria-Municipalidad-centro-comercio.jpg?fit=800%2C445&ssl=1","jetpack_sharing_enabled":true,"_links":{"self":[{"href":"https:\/\/cdnoticias.com\/index.php\/wp-json\/wp\/v2\/posts\/58057","targetHints":{"allow":["GET"]}}],"collection":[{"href":"https:\/\/cdnoticias.com\/index.php\/wp-json\/wp\/v2\/posts"}],"about":[{"href":"https:\/\/cdnoticias.com\/index.php\/wp-json\/wp\/v2\/types\/post"}],"author":[{"embeddable":true,"href":"https:\/\/cdnoticias.com\/index.php\/wp-json\/wp\/v2\/users\/4"}],"replies":[{"embeddable":true,"href":"https:\/\/cdnoticias.com\/index.php\/wp-json\/wp\/v2\/comments?post=58057"}],"version-history":[{"count":0,"href":"https:\/\/cdnoticias.com\/index.php\/wp-json\/wp\/v2\/posts\/58057\/revisions"}],"wp:featuredmedia":[{"embeddable":true,"href":"https:\/\/cdnoticias.com\/index.php\/wp-json\/wp\/v2\/media\/50371"}],"wp:attachment":[{"href":"https:\/\/cdnoticias.com\/index.php\/wp-json\/wp\/v2\/media?parent=58057"}],"wp:term":[{"taxonomy":"category","embeddable":true,"href":"https:\/\/cdnoticias.com\/index.php\/wp-json\/wp\/v2\/categories?post=58057"},{"taxonomy":"post_tag","embeddable":true,"href":"https:\/\/cdnoticias.com\/index.php\/wp-json\/wp\/v2\/tags?post=58057"}],"curies":[{"name":"wp","href":"https:\/\/api.w.org\/{rel}","templated":true}]}}