{"id":58052,"date":"2022-06-22T12:57:26","date_gmt":"2022-06-22T15:57:26","guid":{"rendered":"https:\/\/www.centraldenoticias.com.ar\/?p=58052"},"modified":"2022-06-22T13:17:38","modified_gmt":"2022-06-22T16:17:38","slug":"el-hcd-tratara-un-pedido-de-informe-sobre-el-funcionario-que-paso-a-ser-proveedor","status":"publish","type":"post","link":"https:\/\/cdnoticias.com\/index.php\/2022\/06\/22\/el-hcd-tratara-un-pedido-de-informe-sobre-el-funcionario-que-paso-a-ser-proveedor\/","title":{"rendered":"El HCD tratar\u00e1 un pedido de informe sobre el funcionario que pas\u00f3 a ser proveedor"},"content":{"rendered":"<p>Este jueves se har\u00e1 la octava sesi\u00f3n ordinaria en la que se pondr\u00e1n en tratamiento 31 expedientes, 15 sobre tablas. Uno de ellos es el pedido de informe que ya hab\u00eda adelantado Celeste Arouxet.<!--more--><\/p>\n<hr \/>\n<p><strong>La presidente del Concejo Deliberante, Cecilia Krivochen encabez\u00f3 la reuni\u00f3n de Labor Parlamentaria este mi\u00e9rcoles<\/strong> para dejar establecido el orden del d\u00eda de la octava sesi\u00f3n ordinaria. Uno de los temas destacados ser\u00e1 un pedido de informe sobre el funcionario que pas\u00f3 a ser proveedor.<\/p>\n<p>&nbsp;<\/p>\n<p><strong>La sesi\u00f3n se llevar\u00e1 adelante este jueves<\/strong> desde las 9 horas en el Sal\u00f3n de la Sociedad Espa\u00f1ola.<\/p>\n<p>&nbsp;<\/p>\n<blockquote><p>De la reuni\u00f3n en comisi\u00f3n participaron Mart\u00edn Endere (Bloque Juntos), Sebasti\u00e1n Matrella (Bloque UCR-Juntos), Celeste Arouxet (Ahora Olavarr\u00eda), In\u00e9s Creimer (Foro Olavarr\u00eda-Frente Renovador en el FDT) y Mercedes Landivar (Frente de Todos).<\/p><\/blockquote>\n<p>&nbsp;<\/p>\n<p dir=\"ltr\" lang=\"es\">Se reuni\u00f3 la Comisi\u00f3n de Labor Parlamentaria. Qued\u00f3 definido el Orden del D\u00eda de la Octava Sesi\u00f3n Ordinaria. <a href=\"https:\/\/t.co\/BRPFaj9SiJ\">pic.twitter.com\/BRPFaj9SiJ<\/a><\/p>\n<blockquote class=\"twitter-tweet\"><p>\u2014 HCD Olavarr\u00eda (@HCD_OLAVARRIA) <a href=\"https:\/\/twitter.com\/HCD_OLAVARRIA\/status\/1539599632036253698?ref_src=twsrc%5Etfw\">June 22, 2022<\/a><\/p><\/blockquote>\n<p><script async src=\"https:\/\/platform.twitter.com\/widgets.js\" charset=\"utf-8\"><\/script><\/p>\n<p>&nbsp;<\/p>\n<p>Desde la presidencia se hizo saber que<strong> en la octava sesi\u00f3n ordinaria tomar\u00e1n estado parlamentario cuatro expedientes<\/strong> ingresados en t\u00e9rmino reglamentario, que ahora ser\u00e1n giradas a las respectivas comisiones internas. Ingresaron proyectos del Departamento Ejecutivo Municipal, del bloque UCR-Juntos, de la Comisi\u00f3n de Educaci\u00f3n -sobre la modificaci\u00f3n del Concejo Estudiantil- y del vecino Nicol\u00e1s Leal.<\/p>\n<p>&nbsp;<\/p>\n<p>En lo que hace a los expedientes en tratamiento, la presidencia del Concejo Deliberante inform\u00f3 que <strong>se tratar\u00e1n 16 expedientes que fueron despachados por la Comisi\u00f3n de Legislaci\u00f3n<\/strong>. Se destacaron siete donaciones de inmuebles.\u00a0En cuanto a los restantes nueve expedientes, se trata de proyectos de ordenanza mediante los cuales se convalidan boletos de compraventa en predios de agrupamientos Industriales, y reconocimientos de deuda.<\/p>\n<p>&nbsp;<\/p>\n<p><img data-recalc-dims=\"1\" loading=\"lazy\" decoding=\"async\" class=\"alignnone size-full wp-image-58054\" src=\"https:\/\/i0.wp.com\/cdnoticias.com\/wp-content\/uploads\/2022\/06\/HCD-LaborParlamentaria-01.jpg?resize=800%2C445&#038;ssl=1\" alt=\"\" width=\"800\" height=\"445\" srcset=\"https:\/\/i0.wp.com\/cdnoticias.com\/wp-content\/uploads\/2022\/06\/HCD-LaborParlamentaria-01.jpg?w=800&amp;ssl=1 800w, https:\/\/i0.wp.com\/cdnoticias.com\/wp-content\/uploads\/2022\/06\/HCD-LaborParlamentaria-01.jpg?resize=300%2C167&amp;ssl=1 300w, https:\/\/i0.wp.com\/cdnoticias.com\/wp-content\/uploads\/2022\/06\/HCD-LaborParlamentaria-01.jpg?resize=768%2C427&amp;ssl=1 768w\" sizes=\"auto, (max-width: 800px) 100vw, 800px\" \/><\/p>\n<p>&nbsp;<\/p>\n<p><strong>Habr\u00e1 15 expedientes que ser\u00e1n tratados sobre tablas<\/strong> de acuerdo a lo establecido en Labor Parlamentaria. Uno de ellos es el proyecto que <a href=\"https:\/\/cdnoticias.com\/index.php\/2022\/06\/12\/una-semana-de-peleas-que-marcaron-la-politica-olavarriense-para-mirar-con-lupa\/\" target=\"_blank\" rel=\"noopener\">ya hab\u00eda sido adelantado en la sesi\u00f3n anterior<\/a>: <strong>desde el bloque Ahora Olavarr\u00eda se pedir\u00e1 informe al Ejecutivo sobre \u201cel ex funcionario municipal, sr. Gabriel Requena\u201d<\/strong>.<\/p>\n<p>&nbsp;<\/p>\n<blockquote><p>La concejal Celeste Arouxet hab\u00eda puesto en tela de juicio el accionar del Ejecutivo hace dos semanas, en la sesi\u00f3n anterior, al se\u00f1alar que <a href=\"https:\/\/cdnoticias.com\/index.php\/2022\/01\/27\/gabriel-requena-renuncio-a-la-direccion-de-personal-municipal\/\" target=\"_blank\" rel=\"noopener\">renunci\u00f3 al cargo de Director de Recursos Humanos<\/a> e ingres\u00f3 como proveedor en la misma \u00e1rea de forma inmediata: &#8220;hizo el acting de la despedida&#8221; ironiz\u00f3 la concejal.<\/p><\/blockquote>\n<p>&nbsp;<\/p>\n<p>Se destacan adem\u00e1s <strong>otros expedientes a tratar<\/strong> como la declaraci\u00f3n de inter\u00e9s legislativo municipal de la <a href=\"https:\/\/cdnoticias.com\/index.php\/2022\/06\/11\/emotivo-acto-de-reinauguracion-de-la-calesita-dona-alicia\/\" target=\"_blank\" rel=\"noopener\">Calesita \u201cDo\u00f1a Alicia\u201d<\/a> ubicada en la Plaza de la Concordia, un proyecto de comunicaci\u00f3n dirigido al IPS, una un proyecto de resoluci\u00f3n <a href=\"https:\/\/cdnoticias.com\/index.php\/2022\/06\/22\/buscan-que-el-hcd-reconozca-al-grupo-musical-can-can\/\" target=\"_blank\" rel=\"noopener\">distinguiendo al grupo Can Can<\/a>, un proyecto de resoluci\u00f3n para declarar de inter\u00e9s legislativo municipal a las XVI Jornadas Bonaerenses de Alimentaci\u00f3n, un proyecto de benepl\u00e1cito a la UNICEN por el lugar que ocupa en <a href=\"https:\/\/cdnoticias.com\/index.php\/2022\/06\/13\/eduardo-rodriguez-sobre-el-reconocimiento-global-a-la-unicen-nos-llena-de-orgullo\/\" target=\"_blank\" rel=\"noopener\">un Ranking de Universidades P\u00fablicas<\/a>, entre otros.<\/p>\n<p>&nbsp;<\/p>\n<p>La sesi\u00f3n ser\u00e1 trasmitida por el <a href=\"https:\/\/www.youtube.com\/channel\/UCtZCoknXQfZ5srZV-m7x_Mg\" target=\"_blank\" rel=\"noopener\">canal de Youtube del Honorable Concejo Deliberante<\/a>.<\/p>\n","protected":false},"excerpt":{"rendered":"<p>Este jueves se har\u00e1 la octava sesi\u00f3n ordinaria en la que se pondr\u00e1n en tratamiento 31 expedientes, 15 sobre tablas.<\/p>\n","protected":false},"author":4,"featured_media":58053,"comment_status":"closed","ping_status":"closed","sticky":false,"template":"","format":"standard","meta":{"_jetpack_memberships_contains_paid_content":false,"footnotes":""},"categories":[4,1],"tags":[],"class_list":["post-58052","post","type-post","status-publish","format-standard","has-post-thumbnail","hentry","category-politica","category-portada"],"jetpack_featured_media_url":"https:\/\/i0.wp.com\/cdnoticias.com\/wp-content\/uploads\/2022\/06\/HCD-LaborParlamentaria-00.jpg?fit=800%2C445&ssl=1","jetpack_sharing_enabled":true,"_links":{"self":[{"href":"https:\/\/cdnoticias.com\/index.php\/wp-json\/wp\/v2\/posts\/58052","targetHints":{"allow":["GET"]}}],"collection":[{"href":"https:\/\/cdnoticias.com\/index.php\/wp-json\/wp\/v2\/posts"}],"about":[{"href":"https:\/\/cdnoticias.com\/index.php\/wp-json\/wp\/v2\/types\/post"}],"author":[{"embeddable":true,"href":"https:\/\/cdnoticias.com\/index.php\/wp-json\/wp\/v2\/users\/4"}],"replies":[{"embeddable":true,"href":"https:\/\/cdnoticias.com\/index.php\/wp-json\/wp\/v2\/comments?post=58052"}],"version-history":[{"count":0,"href":"https:\/\/cdnoticias.com\/index.php\/wp-json\/wp\/v2\/posts\/58052\/revisions"}],"wp:featuredmedia":[{"embeddable":true,"href":"https:\/\/cdnoticias.com\/index.php\/wp-json\/wp\/v2\/media\/58053"}],"wp:attachment":[{"href":"https:\/\/cdnoticias.com\/index.php\/wp-json\/wp\/v2\/media?parent=58052"}],"wp:term":[{"taxonomy":"category","embeddable":true,"href":"https:\/\/cdnoticias.com\/index.php\/wp-json\/wp\/v2\/categories?post=58052"},{"taxonomy":"post_tag","embeddable":true,"href":"https:\/\/cdnoticias.com\/index.php\/wp-json\/wp\/v2\/tags?post=58052"}],"curies":[{"name":"wp","href":"https:\/\/api.w.org\/{rel}","templated":true}]}}