{"id":58050,"date":"2022-06-22T13:37:11","date_gmt":"2022-06-22T16:37:11","guid":{"rendered":"https:\/\/www.centraldenoticias.com.ar\/?p=58050"},"modified":"2022-06-22T13:37:11","modified_gmt":"2022-06-22T16:37:11","slug":"vivo-diputados-sigue-su-trabajo-sobre-la-ley-de-alquileres","status":"publish","type":"post","link":"https:\/\/cdnoticias.com\/index.php\/2022\/06\/22\/vivo-diputados-sigue-su-trabajo-sobre-la-ley-de-alquileres\/","title":{"rendered":"VIVO \u2013 Diputados sigue su trabajo sobre la Ley de Alquileres"},"content":{"rendered":"<p>Reuni\u00f3n conjunta de las comisiones de Legislaci\u00f3n y de Presupuesto. Hasta ahora ya expusieron 150 oradores.<!--more--><\/p>\n<hr \/>\n<p>En una reuni\u00f3n conjunta, <strong>la Comisi\u00f3n de Legislaci\u00f3n General y la Comisi\u00f3n de Presupuesto y Hacienda<\/strong> de la C\u00e1mara de Diputados de la Naci\u00f3n contin\u00faan analizando las modificaciones de la <strong>Ley de Alquileres<\/strong>.<\/p>\n<p>&nbsp;<\/p>\n<p>En jornadas previas, <strong>expusieron 150 oradores<\/strong> pertenecientes a <em>asociaciones de defensa del consumidor, de corredores inmobiliarios, y de inquilinos<\/em>, quienes expresaron sus posiciones acerca de las modificaciones de la ley.<\/p>\n<p>&nbsp;<\/p>\n<p><strong>Adem\u00e1s, el plenario comenzar\u00e1 el debate del proyecto que crea un Fondo Nacional para la Cancelaci\u00f3n de la Deuda con el Fondo Monetario Internacional (FMI)<\/strong> y trabajar\u00e1 en las modificaciones del Impuesto al Valor Agregado y del Impuesto sobre los Bienes Personales.<\/p>\n<p>&nbsp;<\/p>\n<p>La actividad se podr\u00e1 seguir en directo desde el siguiente link:<\/p>\n<p>&nbsp;<\/p>\n<p>YouTube: <a href=\"https:\/\/youtu.be\/rpDL_z11B0U\" target=\"_blank\" rel=\"noopener\">https:\/\/youtu.be\/rpDL_z11B0U<\/a><\/p>\n<p>&nbsp;<\/p>\n<p><iframe loading=\"lazy\" title=\"YouTube video player\" src=\"https:\/\/www.youtube.com\/embed\/rpDL_z11B0U\" width=\"560\" height=\"315\" frameborder=\"0\" allowfullscreen=\"allowfullscreen\"><\/iframe><\/p>\n","protected":false},"excerpt":{"rendered":"<p>Reuni\u00f3n conjunta de las comisiones de Legislaci\u00f3n y de Presupuesto. Hasta ahora ya expusieron 150 oradores.<\/p>\n","protected":false},"author":4,"featured_media":58060,"comment_status":"closed","ping_status":"closed","sticky":false,"template":"","format":"standard","meta":{"_jetpack_memberships_contains_paid_content":false,"footnotes":""},"categories":[6,1],"tags":[],"class_list":["post-58050","post","type-post","status-publish","format-standard","has-post-thumbnail","hentry","category-nacionales","category-portada"],"jetpack_featured_media_url":"https:\/\/i0.wp.com\/cdnoticias.com\/wp-content\/uploads\/2022\/06\/diputados-1.png?fit=1053%2C689&ssl=1","jetpack_sharing_enabled":true,"_links":{"self":[{"href":"https:\/\/cdnoticias.com\/index.php\/wp-json\/wp\/v2\/posts\/58050","targetHints":{"allow":["GET"]}}],"collection":[{"href":"https:\/\/cdnoticias.com\/index.php\/wp-json\/wp\/v2\/posts"}],"about":[{"href":"https:\/\/cdnoticias.com\/index.php\/wp-json\/wp\/v2\/types\/post"}],"author":[{"embeddable":true,"href":"https:\/\/cdnoticias.com\/index.php\/wp-json\/wp\/v2\/users\/4"}],"replies":[{"embeddable":true,"href":"https:\/\/cdnoticias.com\/index.php\/wp-json\/wp\/v2\/comments?post=58050"}],"version-history":[{"count":0,"href":"https:\/\/cdnoticias.com\/index.php\/wp-json\/wp\/v2\/posts\/58050\/revisions"}],"wp:featuredmedia":[{"embeddable":true,"href":"https:\/\/cdnoticias.com\/index.php\/wp-json\/wp\/v2\/media\/58060"}],"wp:attachment":[{"href":"https:\/\/cdnoticias.com\/index.php\/wp-json\/wp\/v2\/media?parent=58050"}],"wp:term":[{"taxonomy":"category","embeddable":true,"href":"https:\/\/cdnoticias.com\/index.php\/wp-json\/wp\/v2\/categories?post=58050"},{"taxonomy":"post_tag","embeddable":true,"href":"https:\/\/cdnoticias.com\/index.php\/wp-json\/wp\/v2\/tags?post=58050"}],"curies":[{"name":"wp","href":"https:\/\/api.w.org\/{rel}","templated":true}]}}