{"id":58010,"date":"2022-06-22T08:07:35","date_gmt":"2022-06-22T11:07:35","guid":{"rendered":"https:\/\/www.centraldenoticias.com.ar\/?p=58010"},"modified":"2022-06-22T08:07:35","modified_gmt":"2022-06-22T11:07:35","slug":"dosinda-esther-perafan-viuda-de-porcel-q-e-p-d","status":"publish","type":"post","link":"https:\/\/cdnoticias.com\/index.php\/2022\/06\/22\/dosinda-esther-perafan-viuda-de-porcel-q-e-p-d\/","title":{"rendered":"Dosinda Esther Perafan viuda de Porcel (Q.E.P.D.)"},"content":{"rendered":"<div class=\"\" data-block=\"true\" data-editor=\"6v2gk\" data-offset-key=\"ftrd6-0-0\">\n<div class=\"_1mf _1mj\" data-offset-key=\"ftrd6-0-0\">Falleci\u00f3 en Olavarr\u00eda el 21 de junio de 2022 a los 89 a\u00f1os de edad.<\/div>\n<div data-offset-key=\"ftrd6-0-0\"><\/div>\n<\/div>\n<div class=\"\" data-block=\"true\" data-editor=\"6v2gk\" data-offset-key=\"4juva-0-0\">\n<div class=\"_1mf _1mj\" data-offset-key=\"4juva-0-0\"><span data-offset-key=\"4juva-0-0\">\u00a0<\/span><\/div>\n<\/div>\n<div class=\"\" data-block=\"true\" data-editor=\"6v2gk\" data-offset-key=\"e1j1m-0-0\">\n<div class=\"_1mf _1mj\" data-offset-key=\"e1j1m-0-0\"><span data-offset-key=\"e1j1m-0-0\">Sus restos ser\u00e1n velados en Espa\u00f1a 2942 departamento &#8221;D&#8221; y ser\u00e1n inhumados este mi\u00e9rcoles a las 10:30 en el cementerio Loma de Paz, previo responso en la capilla ardiente. Vecina de Sierra Chica. Jubilada.<\/span><\/div>\n<\/div>\n<div class=\"\" data-block=\"true\" data-editor=\"6v2gk\" data-offset-key=\"6l2n5-0-0\"><\/div>\n","protected":false},"excerpt":{"rendered":"<p>Falleci\u00f3 en Olavarr\u00eda el 21 de junio de 2022 a los 89 a\u00f1os de edad. \u00a0 Sus restos ser\u00e1n velados<\/p>\n","protected":false},"author":5,"featured_media":51544,"comment_status":"closed","ping_status":"closed","sticky":false,"template":"","format":"standard","meta":{"_jetpack_memberships_contains_paid_content":false,"footnotes":""},"categories":[10],"tags":[],"class_list":["post-58010","post","type-post","status-publish","format-standard","has-post-thumbnail","hentry","category-necrologicas"],"jetpack_featured_media_url":"https:\/\/i0.wp.com\/cdnoticias.com\/wp-content\/uploads\/2022\/04\/necrologicas-390-x-240.jpg?fit=390%2C240&ssl=1","jetpack_sharing_enabled":true,"_links":{"self":[{"href":"https:\/\/cdnoticias.com\/index.php\/wp-json\/wp\/v2\/posts\/58010","targetHints":{"allow":["GET"]}}],"collection":[{"href":"https:\/\/cdnoticias.com\/index.php\/wp-json\/wp\/v2\/posts"}],"about":[{"href":"https:\/\/cdnoticias.com\/index.php\/wp-json\/wp\/v2\/types\/post"}],"author":[{"embeddable":true,"href":"https:\/\/cdnoticias.com\/index.php\/wp-json\/wp\/v2\/users\/5"}],"replies":[{"embeddable":true,"href":"https:\/\/cdnoticias.com\/index.php\/wp-json\/wp\/v2\/comments?post=58010"}],"version-history":[{"count":0,"href":"https:\/\/cdnoticias.com\/index.php\/wp-json\/wp\/v2\/posts\/58010\/revisions"}],"wp:featuredmedia":[{"embeddable":true,"href":"https:\/\/cdnoticias.com\/index.php\/wp-json\/wp\/v2\/media\/51544"}],"wp:attachment":[{"href":"https:\/\/cdnoticias.com\/index.php\/wp-json\/wp\/v2\/media?parent=58010"}],"wp:term":[{"taxonomy":"category","embeddable":true,"href":"https:\/\/cdnoticias.com\/index.php\/wp-json\/wp\/v2\/categories?post=58010"},{"taxonomy":"post_tag","embeddable":true,"href":"https:\/\/cdnoticias.com\/index.php\/wp-json\/wp\/v2\/tags?post=58010"}],"curies":[{"name":"wp","href":"https:\/\/api.w.org\/{rel}","templated":true}]}}